{"id":1208,"date":"2025-04-11T09:26:51","date_gmt":"2025-04-11T09:26:51","guid":{"rendered":"https:\/\/informacionlocal.es\/antigua-bietet-eine-oeffentliche-stelle-fuer-einen-techniker-der-allgemeinen-verwaltung\/"},"modified":"2025-04-14T09:26:17","modified_gmt":"2025-04-14T09:26:17","slug":"antigua-bietet-eine-oeffentliche-stelle-fuer-einen-techniker-der-allgemeinen-verwaltung","status":"publish","type":"post","link":"https:\/\/informacionlocal.es\/de\/antigua-bietet-eine-oeffentliche-stelle-fuer-einen-techniker-der-allgemeinen-verwaltung\/","title":{"rendered":"Antigua bietet eine \u00f6ffentliche Stelle f\u00fcr einen Techniker der allgemeinen Verwaltung"},"content":{"rendered":"<div class=\"elementor-widget-container\">\n<p><strong>Antigua bietet eine \u00f6ffentliche Stelle f\u00fcr einen Techniker der allgemeinen Verwaltung<\/strong><\/p>\n<p><strong>&#8211; Die Bewerbungsfrist l\u00e4uft bis einschlie\u00dflich 8. Mai.  <\/strong><br \/><strong>&#8211; Die Grundlagen k\u00f6nnen im BOP Las Palmas num.28 vom 5. M\u00e4rz 2025 nachgelesen werden.<\/strong><\/p>\n<p>Der B\u00fcrgermeister von Antigua, Mat\u00edas Pe\u00f1a Garc\u00eda, k\u00fcndigt die Ausschreibung einer \u00f6ffentlichen Stelle f\u00fcr einen Techniker der allgemeinen Verwaltung an, um das derzeitige Personal des Rathauses von Antigua im Rahmen des \u00f6ffentlichen Besch\u00e4ftigungsangebots zu verst\u00e4rken, das wir letztes Jahr genehmigt haben.<\/p>\n<p>Die Auswahl wird mittels eines Pr\u00fcfungsverfahrens in einem offenen Wettbewerb durchgef\u00fchrt, sagte der B\u00fcrgermeister und f\u00fcgte hinzu, dass die Interessenten die im Amtsblatt der Provinz Las Palmas, Nummer 28, vom 5. M\u00e4rz 2025 ver\u00f6ffentlichten Grundlagen einsehen k\u00f6nnen.<\/p>\n<p>Die Frist f\u00fcr die Einreichung von Antr\u00e4gen ist der 8. Mai (einschlie\u00dflich), und die Antr\u00e4ge m\u00fcssen \u00fcber das Eintragungsregister im Rathaus von Antigua, die Tenencia de Alcald\u00eda in Caleta de Fuste oder \u00fcber das elektronische B\u00fcro eingereicht werden.<\/p>\n<p>Ausgeschrieben ist die Stelle eines Technikers f\u00fcr die allgemeine Verwaltung, der in die Besoldungsgruppe &#8222;Allgemeine Verwaltung&#8220;, Untergruppe &#8222;Technik&#8220; und &#8222;gehobener Dienst&#8220; eingestuft ist. Die Ausschreibung dieser Stelle<br \/>wurde im BOE (Staatsanzeiger) Nr. 84 vom Montag, den 7. April ver\u00f6ffentlicht. <\/p>\n<p>Ein Auszug aus der Aufforderung zur Einreichung von Bewerbungen kann auch im Amtsblatt der Kanarischen Inseln Nr. 61 vom 27. M\u00e4rz 2025 nachgelesen werden. Diese Grundlagen wurden durch die Ver\u00f6ffentlichung im Amtsblatt der Provinz Las Palmas Nr. 33 vom 17. M\u00e4rz 2025 berichtigt. <\/p>\n<p>Die Frist f\u00fcr die Einreichung der Antr\u00e4ge betr\u00e4gt zwanzig Arbeitstage ab dem Tag nach der Ver\u00f6ffentlichung dieses Beschlusses im Staatsanzeiger.<\/p>\n<p>Sp\u00e4tere Bekanntmachungen zu dieser Aufforderung werden, sofern dies in \u00dcbereinstimmung mit den Regeln angemessen ist, in der in den Regeln selbst vorgesehenen Weise ver\u00f6ffentlicht.<\/p>\n<\/p>\n<\/div>\n","protected":false},"excerpt":{"rendered":"<p><strong>Antigua bietet eine \u00f6ffentliche Stelle f\u00fcr einen Techniker der allgemeinen Verwaltung<\/strong><\/p>\n","protected":false},"author":1,"featured_media":840,"comment_status":"open","ping_status":"open","sticky":false,"template":"","format":"standard","meta":{"inline_featured_image":false,"jnews-multi-image_gallery":[],"jnews_single_post":[],"jnews_primary_category":[],"jnews_social_meta":[],"jnews_override_counter":[],"jnews_post_split":[],"footnotes":""},"categories":[],"tags":[242,215,246,196],"class_list":["post-1208","post","type-post","status-publish","format-standard","has-post-thumbnail","hentry","tag-aufforderungen-zur-einreichung-von-bewerbungen","tag-beschaftigung-und-ausbildung","tag-formalitaten","tag-gemeinden"],"jetpack_featured_media_url":"https:\/\/informacionlocal.es\/wp-content\/uploads\/2025\/04\/alcalde-de-antigua-matias-pena-garcia-scaled-1.jpg","_links":{"self":[{"href":"https:\/\/informacionlocal.es\/de\/wp-json\/wp\/v2\/posts\/1208","targetHints":{"allow":["GET"]}}],"collection":[{"href":"https:\/\/informacionlocal.es\/de\/wp-json\/wp\/v2\/posts"}],"about":[{"href":"https:\/\/informacionlocal.es\/de\/wp-json\/wp\/v2\/types\/post"}],"author":[{"embeddable":true,"href":"https:\/\/informacionlocal.es\/de\/wp-json\/wp\/v2\/users\/1"}],"replies":[{"embeddable":true,"href":"https:\/\/informacionlocal.es\/de\/wp-json\/wp\/v2\/comments?post=1208"}],"version-history":[{"count":1,"href":"https:\/\/informacionlocal.es\/de\/wp-json\/wp\/v2\/posts\/1208\/revisions"}],"predecessor-version":[{"id":1441,"href":"https:\/\/informacionlocal.es\/de\/wp-json\/wp\/v2\/posts\/1208\/revisions\/1441"}],"wp:featuredmedia":[{"embeddable":true,"href":"https:\/\/informacionlocal.es\/de\/wp-json\/wp\/v2\/media\/840"}],"wp:attachment":[{"href":"https:\/\/informacionlocal.es\/de\/wp-json\/wp\/v2\/media?parent=1208"}],"wp:term":[{"taxonomy":"category","embeddable":true,"href":"https:\/\/informacionlocal.es\/de\/wp-json\/wp\/v2\/categories?post=1208"},{"taxonomy":"post_tag","embeddable":true,"href":"https:\/\/informacionlocal.es\/de\/wp-json\/wp\/v2\/tags?post=1208"}],"curies":[{"name":"wp","href":"https:\/\/api.w.org\/{rel}","templated":true}]}}