{"id":12025,"date":"2025-10-08T16:58:45","date_gmt":"2025-10-08T15:58:45","guid":{"rendered":"https:\/\/informacionlocal.es\/el-cabildo-de-fuerteventura-dirige-mas-de-4-millones-de-euros-a-apoyar-la-labor-de-las-asociaciones-y-colectivos-sociales\/"},"modified":"2025-10-08T16:58:45","modified_gmt":"2025-10-08T15:58:45","slug":"el-cabildo-de-fuerteventura-dirige-mas-de-4-millones-de-euros-a-apoyar-la-labor-de-las-asociaciones-y-colectivos-sociales","status":"publish","type":"post","link":"https:\/\/informacionlocal.es\/de\/el-cabildo-de-fuerteventura-dirige-mas-de-4-millones-de-euros-a-apoyar-la-labor-de-las-asociaciones-y-colectivos-sociales\/","title":{"rendered":"El Cabildo de Fuerteventura dirige m\u00e1s de 4 millones de euros a apoyar la labor de las asociaciones y colectivos sociales"},"content":{"rendered":"<div class=\"entry-content\"><strong>8 octubre, 2025<\/strong><\/p>\n<p>El Cabildo de Fuerteventura concede 4,2 millones de euros para apoyar la labor de las asociaciones del tercer sector majorero. Tras firmar una primera ronda de convenios en el mes de junio, en el d\u00eda de hoy se han firmado con otra veintena de colectivos que reciben subvenci\u00f3n nominada la Consejer\u00eda de Acci\u00f3n Social, con la presencia de la presidenta insular, Lola Garc\u00eda, y el consejero del \u00e1rea, V\u00edctor Alonso.<\/p>\n<p>Los convenios suscritos hoy \u00a0ascienden a 1,7 millones, y fueron firmados con Cruz Roja, Ra\u00edz del Pueblo, Asomasamen, Altihay, Asomasamen, AECC, AFFA, Amadi, Peque\u00f1o Valiente, Fundaci\u00f3n Adsis, Fundaci\u00f3n Canaria Main, Avanfuer, Yrichen, Asociaci\u00f3n Sociocultural Faro de Jand\u00eda, Funteac, Play and Train, Siervas de las Pobres Hijas del Sagrado Coraz\u00f3n de Jes\u00fas, Asociaci\u00f3n para la Inclusi\u00f3n Integral y Desarrollo de Personas con Diversidad Funcional, Asociaci\u00f3n del C\u00e1ncer Metast\u00e1sico y Obra Social La Milagrosa. Pr\u00f3ximamente se firmar\u00e1n, tambi\u00e9n, con la Asociaci\u00f3n Neurol\u00edmpica y Yoga y Pilates. En total, son m\u00e1s de 30 asociaciones las que reciben ayuda en 2025.<\/p>\n<p>Para la presidenta del Cabildo de<br \/>\nFuerteventura, Lola Garc\u00eda, \u201ces importante apoyar los servicios que las asociaciones<br \/>\ndel tejido social prestan a las personas m\u00e1s vulnerables en todos los<br \/>\nmunicipios de Fuerteventura, por lo que hemos dado agilidad a los convenios<br \/>\npara el bienestar de la poblaci\u00f3n\u201d.<\/p>\n<p>Por su parte, el consejero insular, V\u00edctor Alonso, ha reafirmado \u201cel compromiso del Cabildo con las acciones que las asociaciones desarrollan por toda la geograf\u00eda insular: un gran trabajo que ayuda a prevenir y conseguir una vida m\u00e1s digna y justa para las personas m\u00e1s vulnerables\u201d.<\/p>\n<p>De esta manera, se apoyan acciones en \u00e1mbitos<br \/>\ncomo los mayores, salud mental, la salud y la autonom\u00eda personal, inclusividad<br \/>\ny atenci\u00f3n a colectivos vulnerables, entre otros.\u00a0 <\/p>\n<\/div>\n","protected":false},"excerpt":{"rendered":"<p>8 octubre, 2025 El Cabildo de Fuerteventura concede 4,2 millones de euros para apoyar la labor de las asociaciones del tercer sector majorero. Tras firmar una primera ronda de convenios [&hellip;]<\/p>\n","protected":false},"author":1,"featured_media":12027,"comment_status":"open","ping_status":"open","sticky":false,"template":"","format":"standard","meta":{"inline_featured_image":false,"jnews-multi-image_gallery":[],"jnews_single_post":[],"jnews_primary_category":[],"jnews_social_meta":[],"jnews_override_counter":[],"jnews_post_split":[],"footnotes":""},"categories":[58],"tags":[82,65],"class_list":["post-12025","post","type-post","status-publish","format-standard","has-post-thumbnail","hentry","category-cabildo","tag-fuerteventura","tag-municipios"],"jetpack_featured_media_url":"https:\/\/informacionlocal.es\/wp-content\/uploads\/2025\/10\/convenio-asociaciones-2.jpeg","_links":{"self":[{"href":"https:\/\/informacionlocal.es\/de\/wp-json\/wp\/v2\/posts\/12025","targetHints":{"allow":["GET"]}}],"collection":[{"href":"https:\/\/informacionlocal.es\/de\/wp-json\/wp\/v2\/posts"}],"about":[{"href":"https:\/\/informacionlocal.es\/de\/wp-json\/wp\/v2\/types\/post"}],"author":[{"embeddable":true,"href":"https:\/\/informacionlocal.es\/de\/wp-json\/wp\/v2\/users\/1"}],"replies":[{"embeddable":true,"href":"https:\/\/informacionlocal.es\/de\/wp-json\/wp\/v2\/comments?post=12025"}],"version-history":[{"count":0,"href":"https:\/\/informacionlocal.es\/de\/wp-json\/wp\/v2\/posts\/12025\/revisions"}],"wp:featuredmedia":[{"embeddable":true,"href":"https:\/\/informacionlocal.es\/de\/wp-json\/wp\/v2\/media\/12027"}],"wp:attachment":[{"href":"https:\/\/informacionlocal.es\/de\/wp-json\/wp\/v2\/media?parent=12025"}],"wp:term":[{"taxonomy":"category","embeddable":true,"href":"https:\/\/informacionlocal.es\/de\/wp-json\/wp\/v2\/categories?post=12025"},{"taxonomy":"post_tag","embeddable":true,"href":"https:\/\/informacionlocal.es\/de\/wp-json\/wp\/v2\/tags?post=12025"}],"curies":[{"name":"wp","href":"https:\/\/api.w.org\/{rel}","templated":true}]}}