{"id":11971,"date":"2025-10-07T16:59:51","date_gmt":"2025-10-07T15:59:51","guid":{"rendered":"https:\/\/informacionlocal.es\/caleta-de-fuste-celebra-sus-fiestas-en-honor-a-nuestra-senora-la-pena-del-mar\/"},"modified":"2025-10-07T16:59:51","modified_gmt":"2025-10-07T15:59:51","slug":"caleta-de-fuste-celebra-sus-fiestas-en-honor-a-nuestra-senora-la-pena-del-mar","status":"publish","type":"post","link":"https:\/\/informacionlocal.es\/de\/caleta-de-fuste-celebra-sus-fiestas-en-honor-a-nuestra-senora-la-pena-del-mar\/","title":{"rendered":"Caleta de Fuste celebra sus Fiestas en Honor a Nuestra Se\u00f1ora La Pe\u00f1a del Mar"},"content":{"rendered":"<div class=\"elementor-widget-container\">\n<p><strong>Caleta de Fuste celebra sus Fiestas en Honor a Nuestra Se\u00f1ora La Pe\u00f1a del Mar<\/strong><\/p>\n<p><strong>\u2022 Las Fiestas comienzan con el Preg\u00f3n a cargo de D. Francisco Ufano Polo, precedido del pasacalles por la Batucada Sambuka,<\/strong><\/p>\n<p><strong>\u2022 Este jueves a las 23:00 horas, Tributo a Queen con The Miracle Band y despu\u00e9s la vitamina musical de la popular Laly Lean.<\/strong><\/p>\n<p><strong>\u2022 Los Lola, Siroko, Gente Nueva y el Dj Clandestina el viernes desde las 19:00 horas sobre el escenario del recinto ferial en el paseo de la playa del Castillo, junto al restaurante Frasquita.<\/strong><\/p>\n<p>Las Fiestas de Caleta de Fuste en Honor a Nuestra Se\u00f1ora de La Pe\u00f1a del Mar comienzan este jueves con el Preg\u00f3n a cargo del vecino cercano y empresario hotelero, D. Francisco Ufano Polo, que ser\u00e1 precedido por la Batucada Sambuka. Un preg\u00f3n que promete buenas historias, se\u00f1ala el alcalde, Mat\u00edas Pe\u00f1a Garc\u00eda y en el que habr\u00e1 sorpresas y merecidos reconocimientos.<\/p>\n<p>Tras el Preg\u00f3n, las Fiestas de Caleta de Fuste comienzan a todo gas con el concierto Tributo a Queen The Miracle Band a partir de las 23:00 horas, anuncia el concejal de Festejos, Pedro M. Armas. La m\u00fasica, los conciertos y las noches de Djs y verbena protagonizan el escenario del recinto ferial junto al paseo mar\u00edtimo, y a\u00f1ade el concejal, dedicando las ma\u00f1anas de este fin de semana a los m\u00e1s peque\u00f1os y peque\u00f1as con fiestas infantiles como la del s\u00e1bado al mediod\u00eda, el Torneo de Pesca Infantil del domingo por la ma\u00f1ana.<\/p>\n<p>Destacar en estas fiestas infantiles, como en la preparaci\u00f3n del programa festivo de Caleta de Fuste y los detalles de cada evento propuesto y organizado por el Ayuntamiento de Antigua, la colaboraci\u00f3n de la Comisi\u00f3n de Fiestas por ser quienes marcan la identidad de cada lugar.<\/p>\n<p>El d\u00eda principal ser\u00e1 el domingo 12 cuando se celebre el santo oficio y la procesi\u00f3n en honor a Nuestra Se\u00f1ora La Pe\u00f1a del Mar, una procesi\u00f3n mar\u00edtimo terrestre acompa\u00f1ada la parranda Juan Pe\u00f1a, adem\u00e1s de las actuaciones seguidas de la batucada Adisfuer y la rondalla del Centro de Mayores de Antigua con brindis final para todos los asistentes.<\/p>\n<\/div>\n","protected":false},"excerpt":{"rendered":"<p><strong>Caleta de Fuste celebra sus Fiestas en Honor a Nuestra Se\u00f1ora La Pe\u00f1a del Mar<\/strong><\/p>\n","protected":false},"author":1,"featured_media":11973,"comment_status":"open","ping_status":"open","sticky":false,"template":"","format":"standard","meta":{"inline_featured_image":false,"jnews-multi-image_gallery":[],"jnews_single_post":[],"jnews_primary_category":[],"jnews_social_meta":[],"jnews_override_counter":[],"jnews_post_split":[],"footnotes":""},"categories":[59],"tags":[],"class_list":["post-11971","post","type-post","status-publish","format-standard","has-post-thumbnail","hentry","category-antigua"],"jetpack_featured_media_url":"https:\/\/informacionlocal.es\/wp-content\/uploads\/2025\/10\/imagen-de-whatsapp-2025-09-23-a-las-09-45-04_2ee41939.jpg","_links":{"self":[{"href":"https:\/\/informacionlocal.es\/de\/wp-json\/wp\/v2\/posts\/11971","targetHints":{"allow":["GET"]}}],"collection":[{"href":"https:\/\/informacionlocal.es\/de\/wp-json\/wp\/v2\/posts"}],"about":[{"href":"https:\/\/informacionlocal.es\/de\/wp-json\/wp\/v2\/types\/post"}],"author":[{"embeddable":true,"href":"https:\/\/informacionlocal.es\/de\/wp-json\/wp\/v2\/users\/1"}],"replies":[{"embeddable":true,"href":"https:\/\/informacionlocal.es\/de\/wp-json\/wp\/v2\/comments?post=11971"}],"version-history":[{"count":0,"href":"https:\/\/informacionlocal.es\/de\/wp-json\/wp\/v2\/posts\/11971\/revisions"}],"wp:featuredmedia":[{"embeddable":true,"href":"https:\/\/informacionlocal.es\/de\/wp-json\/wp\/v2\/media\/11973"}],"wp:attachment":[{"href":"https:\/\/informacionlocal.es\/de\/wp-json\/wp\/v2\/media?parent=11971"}],"wp:term":[{"taxonomy":"category","embeddable":true,"href":"https:\/\/informacionlocal.es\/de\/wp-json\/wp\/v2\/categories?post=11971"},{"taxonomy":"post_tag","embeddable":true,"href":"https:\/\/informacionlocal.es\/de\/wp-json\/wp\/v2\/tags?post=11971"}],"curies":[{"name":"wp","href":"https:\/\/api.w.org\/{rel}","templated":true}]}}