{"id":11953,"date":"2025-10-07T13:58:55","date_gmt":"2025-10-07T12:58:55","guid":{"rendered":"https:\/\/informacionlocal.es\/las-playas-de-jandia-recorren-mas-de-240-km-en-madrid\/"},"modified":"2025-10-07T13:58:55","modified_gmt":"2025-10-07T12:58:55","slug":"las-playas-de-jandia-recorren-mas-de-240-km-en-madrid","status":"publish","type":"post","link":"https:\/\/informacionlocal.es\/de\/las-playas-de-jandia-recorren-mas-de-240-km-en-madrid\/","title":{"rendered":"Las Playas de Jand\u00eda recorren m\u00e1s de 240 km en Madrid\u00a0"},"content":{"rendered":"<div class=\"entry-content\">\n<p><b><i>La imagen de este entorno natural est\u00e1 impresa en m\u00e1s de cincuenta taxis, una guagua y el intercambiador de Pr\u00edncipe P\u00edo\u00a0<\/i><\/b><\/p>\n<p><span>El Ayuntamiento de P\u00e1jara, a trav\u00e9s de la Concejal\u00eda de Turismo, ha puesto en marcha una campa\u00f1a de promoci\u00f3n en Madrid con el objeto de reforzar la proyecci\u00f3n de las playas de Jand\u00eda como destino tur\u00edstico de referencia.\u00a0<\/span><\/p>\n<p><span>La iniciativa, que se desarroll\u00f3 durante las \u00faltimas semanas, ha incluido diversas acciones de publicidad exterior en soportes de gran visibilidad. En total se rotularon cincuenta taxis y una guagua con la imagen de las playas del municipio que circularon por las principales zonas de la capital, y se instal\u00f3 un cartel publicitario en el Intercambiador de Pr\u00edncipe P\u00edo, que estuvo entre el 29 de septiembre y el 5 de octubre, en uno de los puntos de mayor tr\u00e1nsito de la ciudad.\u00a0<\/span><\/p>\n<p><span>La concejala de Turismo, Tina Da Silva, destac\u00f3 que \u201cesta campa\u00f1a responde a la estrategia de reforzar nuestra presencia en una de las principales ciudades de Espa\u00f1a. Queremos consolidar nuestro destino tur\u00edstico a nivel nacional\u201d, afirm\u00f3.\u00a0<\/span><\/p>\n<p><span>Por su parte, el alcalde de P\u00e1jara, Alejandro Jorge, subray\u00f3 que \u201ces fundamental la promoci\u00f3n tur\u00edstica del municipio como una herramienta para el apoyo de la econom\u00eda local y del sector tur\u00edstico\u201d.\u00a0<\/span><\/p>\n<p><span>Con este tipo de actuaciones, el Ayuntamiento reafirma su apuesta por una promoci\u00f3n constante y planificada, que refuerce la identidad de Jand\u00eda como destino singular, capaz de atraer visitantes y generar nuevas oportunidades.<\/span><\/p>\n<p><img fetchpriority=\"high\" decoding=\"async\" class=\"alignnone size-medium wp-image-21067\" src=\"https:\/\/informacionlocal.es\/wp-content\/uploads\/2025\/10\/bus-1-300x225-1.png\" width=\"300\" height=\"225\" title=\"bus-1-300x225-1\"><img decoding=\"async\" class=\"alignnone size-medium wp-image-21066\" src=\"https:\/\/informacionlocal.es\/wp-content\/uploads\/2025\/10\/bus-300x225-1.png\" width=\"300\" height=\"225\" title=\"bus-300x225-1\"><img decoding=\"async\" class=\"alignnone size-medium wp-image-21065\" src=\"https:\/\/informacionlocal.es\/wp-content\/uploads\/2025\/10\/taxi-300x169-1.png\" width=\"300\" height=\"169\" title=\"taxi-300x169-1\"><\/p>\n<\/div>\n","protected":false},"excerpt":{"rendered":"<p><i>La imagen de este entorno natural est\u00e1 impresa en m\u00e1s de cincuenta taxis, una guagua y el intercambiador de Pr\u00edncipe P\u00edo\u00a0<\/i><\/p>\n","protected":false},"author":1,"featured_media":11955,"comment_status":"open","ping_status":"open","sticky":false,"template":"","format":"standard","meta":{"inline_featured_image":false,"jnews-multi-image_gallery":[],"jnews_single_post":[],"jnews_primary_category":[],"jnews_social_meta":[],"jnews_override_counter":[],"jnews_post_split":[],"footnotes":""},"categories":[63],"tags":[184],"class_list":["post-11953","post","type-post","status-publish","format-standard","has-post-thumbnail","hentry","category-pajara","tag-turismo"],"jetpack_featured_media_url":"https:\/\/informacionlocal.es\/wp-content\/uploads\/2025\/10\/principe-pio.jpeg","_links":{"self":[{"href":"https:\/\/informacionlocal.es\/de\/wp-json\/wp\/v2\/posts\/11953","targetHints":{"allow":["GET"]}}],"collection":[{"href":"https:\/\/informacionlocal.es\/de\/wp-json\/wp\/v2\/posts"}],"about":[{"href":"https:\/\/informacionlocal.es\/de\/wp-json\/wp\/v2\/types\/post"}],"author":[{"embeddable":true,"href":"https:\/\/informacionlocal.es\/de\/wp-json\/wp\/v2\/users\/1"}],"replies":[{"embeddable":true,"href":"https:\/\/informacionlocal.es\/de\/wp-json\/wp\/v2\/comments?post=11953"}],"version-history":[{"count":0,"href":"https:\/\/informacionlocal.es\/de\/wp-json\/wp\/v2\/posts\/11953\/revisions"}],"wp:featuredmedia":[{"embeddable":true,"href":"https:\/\/informacionlocal.es\/de\/wp-json\/wp\/v2\/media\/11955"}],"wp:attachment":[{"href":"https:\/\/informacionlocal.es\/de\/wp-json\/wp\/v2\/media?parent=11953"}],"wp:term":[{"taxonomy":"category","embeddable":true,"href":"https:\/\/informacionlocal.es\/de\/wp-json\/wp\/v2\/categories?post=11953"},{"taxonomy":"post_tag","embeddable":true,"href":"https:\/\/informacionlocal.es\/de\/wp-json\/wp\/v2\/tags?post=11953"}],"curies":[{"name":"wp","href":"https:\/\/api.w.org\/{rel}","templated":true}]}}