{"id":11935,"date":"2025-10-06T19:01:18","date_gmt":"2025-10-06T18:01:18","guid":{"rendered":"https:\/\/informacionlocal.es\/abierto-el-plazo-de-inscripcion-para-los-proximos-desayunos-tecnologicos-de-fuerteventura\/"},"modified":"2025-10-06T19:01:18","modified_gmt":"2025-10-06T18:01:18","slug":"abierto-el-plazo-de-inscripcion-para-los-proximos-desayunos-tecnologicos-de-fuerteventura","status":"publish","type":"post","link":"https:\/\/informacionlocal.es\/de\/abierto-el-plazo-de-inscripcion-para-los-proximos-desayunos-tecnologicos-de-fuerteventura\/","title":{"rendered":"Abierto el plazo de inscripci\u00f3n para los pr\u00f3ximos Desayunos Tecnol\u00f3gicos de Fuerteventura"},"content":{"rendered":"<div class=\"entry-content\"><strong>6 octubre, 2025<\/strong><\/p>\n<p><strong><em>El encuentro, gratuito y centrado en marketing digital y redes<br \/>\nsociales, se celebrar\u00e1 el jueves 9 de octubre<\/em><\/strong><\/p>\n<p>El Cabildo de Fuerteventura, a trav\u00e9s de la Consejer\u00eda de Nuevas<br \/>\nTecnolog\u00edas que dirige Carmen Alonso, recuerda que sigue abierto el plazo de<br \/>\ninscripci\u00f3n para participar en la nueva edici\u00f3n de los Desayunos Tecnol\u00f3gicos,<br \/>\nque se celebrar\u00e1 el pr\u00f3ximo jueves 9 de octubre, de 9:30 a 11:00 horas, en el<br \/>\nPalacio de Formaci\u00f3n y Congresos de Fuerteventura.\u00a0<\/p>\n<p>Bajo el lema \u201cMarketing Digital y Redes Sociales para Posicionar<br \/>\ntu Negocio y Hacerlo Crecer\u201d, este encuentro est\u00e1 dirigido a empresas,<br \/>\ncomercios locales, personas emprendedoras, estudiantes, asociaciones y<br \/>\nprofesionales interesados en descubrir c\u00f3mo la tecnolog\u00eda puede ayudarles a<br \/>\nmejorar su visibilidad, atraer clientes y aumentar su facturaci\u00f3n.<\/p>\n<p>Durante la jornada, los asistentes podr\u00e1n conocer herramientas y<br \/>\nestrategias pr\u00e1cticas de marketing digital a trav\u00e9s de las ponencias de<br \/>\nexpertos en el sector. Kevin Nanwani, fundador de la consultora KALYZ,<br \/>\nespecializada en estrategias de posicionamiento digital, abrir\u00e1 la jornada con<br \/>\nuna charla titulada \u201c\u00a1No es magia, es marketing!\u201d. Tambi\u00e9n estar\u00e1 presente<br \/>\nSoledad Orozco, CEO de la agencia creativa LANSTRUM de Tenerife, quien abordar\u00e1<br \/>\n\u201cEl poder m\u00e1gico de las redes sociales para conseguir clientes\u201d, y Ricardo,<br \/>\ndirector de la agencia majorera PITAYA, que centrar\u00e1 su intervenci\u00f3n en el<br \/>\nimpacto del dise\u00f1o visual en la comunicaci\u00f3n digital.<\/p>\n<p>El evento tambi\u00e9n incluir\u00e1 la exposici\u00f3n de casos de \u00e9xito<br \/>\nlocales, como el de la plataforma Corralejo.info, presentada por Chantal<br \/>\nMontaldo, y el proyecto FUERTESEO, liderado por el especialista en<br \/>\nposicionamiento web David Gonz\u00e1lez Mej\u00edas.<\/p>\n<p>Tras las ponencias, se abrir\u00e1 un espacio de di\u00e1logo y preguntas,<br \/>\nseguido de un caf\u00e9 networking donde los asistentes podr\u00e1n compartir<br \/>\nimpresiones, resolver dudas y establecer conexiones.<\/p>\n<p>El Cabildo de Fuerteventura recuerda que la inscripci\u00f3n es<br \/>\ncompletamente gratuita y anima a todas las personas interesadas a participar en<br \/>\neste encuentro, el cual ofrece herramientas pr\u00e1cticas para dar un paso adelante<br \/>\nen la transformaci\u00f3n digital de negocios y proyectos personales.<\/p>\n<\/div>\n","protected":false},"excerpt":{"rendered":"<p>6 octubre, 2025 El encuentro, gratuito y centrado en marketing digital y redes sociales, se celebrar\u00e1 el jueves 9 de octubre El Cabildo de Fuerteventura, a trav\u00e9s de la Consejer\u00eda [&hellip;]<\/p>\n","protected":false},"author":1,"featured_media":11937,"comment_status":"open","ping_status":"open","sticky":false,"template":"","format":"standard","meta":{"inline_featured_image":false,"jnews-multi-image_gallery":[],"jnews_single_post":[],"jnews_primary_category":[],"jnews_social_meta":[],"jnews_override_counter":[],"jnews_post_split":[],"footnotes":""},"categories":[58],"tags":[82],"class_list":["post-11935","post","type-post","status-publish","format-standard","has-post-thumbnail","hentry","category-cabildo","tag-fuerteventura"],"jetpack_featured_media_url":"https:\/\/informacionlocal.es\/wp-content\/uploads\/2025\/10\/desayuno-jpg.jpg","_links":{"self":[{"href":"https:\/\/informacionlocal.es\/de\/wp-json\/wp\/v2\/posts\/11935","targetHints":{"allow":["GET"]}}],"collection":[{"href":"https:\/\/informacionlocal.es\/de\/wp-json\/wp\/v2\/posts"}],"about":[{"href":"https:\/\/informacionlocal.es\/de\/wp-json\/wp\/v2\/types\/post"}],"author":[{"embeddable":true,"href":"https:\/\/informacionlocal.es\/de\/wp-json\/wp\/v2\/users\/1"}],"replies":[{"embeddable":true,"href":"https:\/\/informacionlocal.es\/de\/wp-json\/wp\/v2\/comments?post=11935"}],"version-history":[{"count":0,"href":"https:\/\/informacionlocal.es\/de\/wp-json\/wp\/v2\/posts\/11935\/revisions"}],"wp:featuredmedia":[{"embeddable":true,"href":"https:\/\/informacionlocal.es\/de\/wp-json\/wp\/v2\/media\/11937"}],"wp:attachment":[{"href":"https:\/\/informacionlocal.es\/de\/wp-json\/wp\/v2\/media?parent=11935"}],"wp:term":[{"taxonomy":"category","embeddable":true,"href":"https:\/\/informacionlocal.es\/de\/wp-json\/wp\/v2\/categories?post=11935"},{"taxonomy":"post_tag","embeddable":true,"href":"https:\/\/informacionlocal.es\/de\/wp-json\/wp\/v2\/tags?post=11935"}],"curies":[{"name":"wp","href":"https:\/\/api.w.org\/{rel}","templated":true}]}}