{"id":11917,"date":"2025-10-06T14:01:36","date_gmt":"2025-10-06T13:01:36","guid":{"rendered":"https:\/\/informacionlocal.es\/el-cabildo-mejora-los-espacios-y-accesibilidad-de-las-dependencias-de-industria\/"},"modified":"2025-10-06T14:01:36","modified_gmt":"2025-10-06T13:01:36","slug":"el-cabildo-mejora-los-espacios-y-accesibilidad-de-las-dependencias-de-industria","status":"publish","type":"post","link":"https:\/\/informacionlocal.es\/de\/el-cabildo-mejora-los-espacios-y-accesibilidad-de-las-dependencias-de-industria\/","title":{"rendered":"El Cabildo mejora los espacios y accesibilidad de las dependencias de Industria"},"content":{"rendered":"<div class=\"entry-content\"><strong>6 octubre, 2025<\/strong><\/p>\n<p>El Cabildo de Fuerteventura, a trav\u00e9s de la Consejer\u00eda de Industria, ha puesto en marcha las obras de reforma y accesibilidad en las dependencias del \u00e1rea de Industria, ubicadas en la calle Juan Dom\u00ednguez Pe\u00f1a de Puerto del Rosario.<\/p>\n<p>La presidenta insular, Lola Garc\u00eda, y la consejera de Industria, Lolina Negr\u00edn, subrayan que esta actuaci\u00f3n da respuesta a las necesidades de accesibilidad y falta de espacio que actualmente limita la actividad del edificio, continuando con el compromiso de ofrecer un mejor servicio p\u00fablico a la ciudadan\u00eda insular. En la visita a los trabajos, estuvieron acompa\u00f1adas por la consejera de Turismo y Reserva de la Biosfera, Marlene Figueroa.<\/p>\n<p>Con un plazo de ejecuci\u00f3n estimado de cinco meses, el proyecto permitir\u00e1 modernizar y adaptar las instalaciones a las necesidades actuales, garantizando la accesibilidad universal y mejorando la calidad del servicio a la ciudadan\u00eda.<\/p>\n<p>La intervenci\u00f3n contempla la reordenaci\u00f3n interior del inmueble con el fin de ampliar y crear nuevos espacios de trabajo. Adem\u00e1s, se trasladar\u00e1 el acceso principal para eliminar barreras arquitect\u00f3nicas y facilitar la entrada a personas con movilidad reducida.<\/p>\n<p>Asimismo, se incorpora un aseo accesible, y se trasladar\u00e1 el punto de recarga de veh\u00edculos el\u00e9ctricos al exterior, junto a los aparcamientos oficiales, lo que permitir\u00e1 ofrecer un servicio m\u00e1s funcional y sostenible.\u00a0<\/p>\n<\/div>\n","protected":false},"excerpt":{"rendered":"<p>6 octubre, 2025 El Cabildo de Fuerteventura, a trav\u00e9s de la Consejer\u00eda de Industria, ha puesto en marcha las obras de reforma y accesibilidad en las dependencias del \u00e1rea de [&hellip;]<\/p>\n","protected":false},"author":1,"featured_media":11919,"comment_status":"open","ping_status":"open","sticky":false,"template":"","format":"standard","meta":{"inline_featured_image":false,"jnews-multi-image_gallery":[],"jnews_single_post":[],"jnews_primary_category":[],"jnews_social_meta":[],"jnews_override_counter":[],"jnews_post_split":[],"footnotes":""},"categories":[58],"tags":[82],"class_list":["post-11917","post","type-post","status-publish","format-standard","has-post-thumbnail","hentry","category-cabildo","tag-fuerteventura"],"jetpack_featured_media_url":"https:\/\/informacionlocal.es\/wp-content\/uploads\/2025\/10\/industria.jpeg","_links":{"self":[{"href":"https:\/\/informacionlocal.es\/de\/wp-json\/wp\/v2\/posts\/11917","targetHints":{"allow":["GET"]}}],"collection":[{"href":"https:\/\/informacionlocal.es\/de\/wp-json\/wp\/v2\/posts"}],"about":[{"href":"https:\/\/informacionlocal.es\/de\/wp-json\/wp\/v2\/types\/post"}],"author":[{"embeddable":true,"href":"https:\/\/informacionlocal.es\/de\/wp-json\/wp\/v2\/users\/1"}],"replies":[{"embeddable":true,"href":"https:\/\/informacionlocal.es\/de\/wp-json\/wp\/v2\/comments?post=11917"}],"version-history":[{"count":0,"href":"https:\/\/informacionlocal.es\/de\/wp-json\/wp\/v2\/posts\/11917\/revisions"}],"wp:featuredmedia":[{"embeddable":true,"href":"https:\/\/informacionlocal.es\/de\/wp-json\/wp\/v2\/media\/11919"}],"wp:attachment":[{"href":"https:\/\/informacionlocal.es\/de\/wp-json\/wp\/v2\/media?parent=11917"}],"wp:term":[{"taxonomy":"category","embeddable":true,"href":"https:\/\/informacionlocal.es\/de\/wp-json\/wp\/v2\/categories?post=11917"},{"taxonomy":"post_tag","embeddable":true,"href":"https:\/\/informacionlocal.es\/de\/wp-json\/wp\/v2\/tags?post=11917"}],"curies":[{"name":"wp","href":"https:\/\/api.w.org\/{rel}","templated":true}]}}