{"id":11911,"date":"2025-10-06T13:01:42","date_gmt":"2025-10-06T12:01:42","guid":{"rendered":"https:\/\/informacionlocal.es\/fallece-d-ramon-camino-padron\/"},"modified":"2025-10-06T13:01:42","modified_gmt":"2025-10-06T12:01:42","slug":"fallece-d-ramon-camino-padron","status":"publish","type":"post","link":"https:\/\/informacionlocal.es\/de\/fallece-d-ramon-camino-padron\/","title":{"rendered":"Fallece D Ram\u00f3n Camino Padr\u00f3n"},"content":{"rendered":"<div class=\"elementor-widget-container\">\n<p><strong>Fallece D. Ram\u00f3n Camino Padr\u00f3n<\/strong><\/p>\n<p><strong>Todas las perdidas dejan sin aliento, especialmente la de vecinos y amigos que como Jos\u00e9 Luis Camino Padr\u00f3n, m\u00e1s conocido como Ram\u00f3n, deja bien marcada su huella en la historia de nuestro pueblo, afirma el alcalde Mat\u00edas Pe\u00f1a Garc\u00eda, que en representaci\u00f3n de toda la Corporaci\u00f3n Municipal de Antigua, traslada su m\u00e1s sentido p\u00e9same a la amplia familia, numerosas amistades y personas allegadas.<\/strong><\/p>\n<p>Ram\u00f3n Camino, junto con su mujer Carmen, fue pregonero de las Fiestas patronales de Antigua en el a\u00f1o 2023, en un reconocimiento de tantos recibidos por su compromiso por este pueblo, en el que, entre otros compromisos, fue presidente varios a\u00f1os de la Comisi\u00f3n de Fiestas de Antigua, tambi\u00e9n de la Sociedad Fomento y Recreo o Casino de Antigua, impulsando su mejora y modernizaci\u00f3n, y adem\u00e1s, pionero en la organizaci\u00f3n de las primeras Comidas de Hermandad y uno de los principales colaboradores en el libro de memoria de un pueblo recientemente editado por Antigua, La Calle.<\/p>\n<p>Finalizaba en pie y con la voz firme la lectura hace dos a\u00f1os\u2026<\/p>\n<p>Y as\u00ed, queridos amigos y amigas, concluimos este humilde preg\u00f3n. Con<br \/>\nlos corazones llenos de entusiasmo y las sonrisas en nuestros rostros,\u2026<\/p>\n<p>Sea as\u00ed, y descanse en Paz, D. Ram\u00f3n Camino.<\/p>\n<\/div>\n","protected":false},"excerpt":{"rendered":"<p><strong>Fallece D. Ram\u00f3n Camino Padr\u00f3n<\/strong><\/p>\n","protected":false},"author":1,"featured_media":11913,"comment_status":"open","ping_status":"open","sticky":false,"template":"","format":"standard","meta":{"inline_featured_image":false,"jnews-multi-image_gallery":[],"jnews_single_post":[],"jnews_primary_category":[],"jnews_social_meta":[],"jnews_override_counter":[],"jnews_post_split":[],"footnotes":""},"categories":[59],"tags":[],"class_list":["post-11911","post","type-post","status-publish","format-standard","has-post-thumbnail","hentry","category-antigua"],"jetpack_featured_media_url":"https:\/\/informacionlocal.es\/wp-content\/uploads\/2025\/10\/fallece-ramon-camino-padron.jpg","_links":{"self":[{"href":"https:\/\/informacionlocal.es\/de\/wp-json\/wp\/v2\/posts\/11911","targetHints":{"allow":["GET"]}}],"collection":[{"href":"https:\/\/informacionlocal.es\/de\/wp-json\/wp\/v2\/posts"}],"about":[{"href":"https:\/\/informacionlocal.es\/de\/wp-json\/wp\/v2\/types\/post"}],"author":[{"embeddable":true,"href":"https:\/\/informacionlocal.es\/de\/wp-json\/wp\/v2\/users\/1"}],"replies":[{"embeddable":true,"href":"https:\/\/informacionlocal.es\/de\/wp-json\/wp\/v2\/comments?post=11911"}],"version-history":[{"count":0,"href":"https:\/\/informacionlocal.es\/de\/wp-json\/wp\/v2\/posts\/11911\/revisions"}],"wp:featuredmedia":[{"embeddable":true,"href":"https:\/\/informacionlocal.es\/de\/wp-json\/wp\/v2\/media\/11913"}],"wp:attachment":[{"href":"https:\/\/informacionlocal.es\/de\/wp-json\/wp\/v2\/media?parent=11911"}],"wp:term":[{"taxonomy":"category","embeddable":true,"href":"https:\/\/informacionlocal.es\/de\/wp-json\/wp\/v2\/categories?post=11911"},{"taxonomy":"post_tag","embeddable":true,"href":"https:\/\/informacionlocal.es\/de\/wp-json\/wp\/v2\/tags?post=11911"}],"curies":[{"name":"wp","href":"https:\/\/api.w.org\/{rel}","templated":true}]}}