{"id":11887,"date":"2025-10-03T22:01:25","date_gmt":"2025-10-03T21:01:25","guid":{"rendered":"https:\/\/informacionlocal.es\/el-cabildo-promueve-unas-jornadas-de-educacion-financiera-con-economistas-de-las-palmas-y-banco-de-espana\/"},"modified":"2025-10-03T22:01:25","modified_gmt":"2025-10-03T21:01:25","slug":"el-cabildo-promueve-unas-jornadas-de-educacion-financiera-con-economistas-de-las-palmas-y-banco-de-espana","status":"publish","type":"post","link":"https:\/\/informacionlocal.es\/de\/el-cabildo-promueve-unas-jornadas-de-educacion-financiera-con-economistas-de-las-palmas-y-banco-de-espana\/","title":{"rendered":"El Cabildo promueve unas jornadas de educaci\u00f3n financiera con Economistas de Las Palmas y Banco de Espa\u00f1a"},"content":{"rendered":"<div class=\"entry-content\"><strong>3 octubre, 2025<\/strong><\/p>\n<p><strong><em>Se dirigir\u00e1n, especialmente, a estudiantes, colectivos vulnerables y<br \/>\npersonas emprendedoras<\/em><\/strong><\/p>\n<p>El Cabildo de Fuerteventura promueve la educaci\u00f3n financiera entre<br \/>\nestudiantes, emprendedores y colectivos vulnerable a trav\u00e9s de unas jornadas que<br \/>\nllevar\u00e1 a cabo con el Colegio Oficial de Economistas de Las Palmas y el Banco<br \/>\nde Espa\u00f1a. <\/p>\n<p>La presidenta del Cabildo de Fuerteventura, Lola Garc\u00eda, ha<br \/>\nmantenido una reuni\u00f3n de coordinaci\u00f3n con representantes del Colegio de<br \/>\nEconomistas de Las Palmas y del Banco de Espa\u00f1a para la organizaci\u00f3n de esta<br \/>\nfutura acci\u00f3n formativa, junto al consejero de Educaci\u00f3n y Juventud, Adargoma<br \/>\nHern\u00e1ndez, y la consejera de Promoci\u00f3n Econ\u00f3mica y Fomento del Empleo, Nuria<br \/>\nCabrera. <\/p>\n<p>Por parte del Colegio de Economistas de Las Palmas particip\u00f3 su decano,<br \/>\nAlcibiades Trancho Lemes, y Jos\u00e9 Rodr\u00edguez Troccoli como representante del<br \/>\nBanco de Espa\u00f1a de Las Palmas.<\/p>\n<p>De este modo, se llevar\u00e1n a cabo una serie de acciones formativas para<br \/>\npromover la educaci\u00f3n financiera, pr\u00e1ctica y responsable, en estudiantes y<br \/>\ncolectivos vulnerables, adem\u00e1s de formar a los emprendedores y emprendedoras en<br \/>\nmateria de finanzas empresariales. Se sensibilizar\u00e1 a los profesionales en<br \/>\nprevenci\u00f3n de fraude y l\u00edmites legales en pagos en efectivo, al tiempo que se<br \/>\nfomenta la participaci\u00f3n de la ciudadan\u00eda en actividades formativas.<\/p>\n<p>Lola Garc\u00eda explica que, con esta iniciativa, \u201cel Cabildo de<br \/>\nFuerteventura refuerza su apuesta con la formaci\u00f3n pr\u00e1ctica, la inclusi\u00f3n<br \/>\nfinanciera y la participaci\u00f3n ciudadana, promoviendo a su vez un entorno<br \/>\necon\u00f3mico m\u00e1s s\u00f3lido en la isla\u201d. <\/p>\n<p>Por su parte, Alcibiades Trancho asegura que \u201cla formaci\u00f3n<br \/>\nfinanciera sigue siendo la materia olvidada en la educaci\u00f3n acad\u00e9mica de<br \/>\nnuestros j\u00f3venes, futuros empresarios y profesionales\u201d. Por tanto, a\u00f1ade,<br \/>\n\u201cjornadas como las que se van a realizar con el Cabildo de Fuerteventura<br \/>\npermiten llenar este vac\u00edo formativo y ayudar a muchas personas\u201d.<\/p>\n<p>El Colegio de Economistas de Las Palmas y el Banco de Espa\u00f1a en<br \/>\nLas Palmas destacan su firme compromiso con la educaci\u00f3n financiera, impulsando<br \/>\nactividades que refuercen el conocimiento, la transparencia y la gesti\u00f3n<br \/>\nresponsable de las finanzas personales y empresariales.<\/p>\n<p>El objetivo es mejorar la cultura financiera de los j\u00f3venes y la<br \/>\nsociedad en general, dot\u00e1ndolos de conocimientos y herramientas para gestionar<br \/>\nsus recursos de forma responsable e informada.<\/p>\n<\/div>\n","protected":false},"excerpt":{"rendered":"<p>3 octubre, 2025 Se dirigir\u00e1n, especialmente, a estudiantes, colectivos vulnerables y personas emprendedoras El Cabildo de Fuerteventura promueve la educaci\u00f3n financiera entre estudiantes, emprendedores y colectivos vulnerable a trav\u00e9s de [&hellip;]<\/p>\n","protected":false},"author":1,"featured_media":11889,"comment_status":"open","ping_status":"open","sticky":false,"template":"","format":"standard","meta":{"inline_featured_image":false,"jnews-multi-image_gallery":[],"jnews_single_post":[],"jnews_primary_category":[],"jnews_social_meta":[],"jnews_override_counter":[],"jnews_post_split":[],"footnotes":""},"categories":[58],"tags":[73,82],"class_list":["post-11887","post","type-post","status-publish","format-standard","has-post-thumbnail","hentry","category-cabildo","tag-educacion","tag-fuerteventura"],"jetpack_featured_media_url":"https:\/\/informacionlocal.es\/wp-content\/uploads\/2025\/10\/educacic3b3n-financiera.jpeg","_links":{"self":[{"href":"https:\/\/informacionlocal.es\/de\/wp-json\/wp\/v2\/posts\/11887","targetHints":{"allow":["GET"]}}],"collection":[{"href":"https:\/\/informacionlocal.es\/de\/wp-json\/wp\/v2\/posts"}],"about":[{"href":"https:\/\/informacionlocal.es\/de\/wp-json\/wp\/v2\/types\/post"}],"author":[{"embeddable":true,"href":"https:\/\/informacionlocal.es\/de\/wp-json\/wp\/v2\/users\/1"}],"replies":[{"embeddable":true,"href":"https:\/\/informacionlocal.es\/de\/wp-json\/wp\/v2\/comments?post=11887"}],"version-history":[{"count":0,"href":"https:\/\/informacionlocal.es\/de\/wp-json\/wp\/v2\/posts\/11887\/revisions"}],"wp:featuredmedia":[{"embeddable":true,"href":"https:\/\/informacionlocal.es\/de\/wp-json\/wp\/v2\/media\/11889"}],"wp:attachment":[{"href":"https:\/\/informacionlocal.es\/de\/wp-json\/wp\/v2\/media?parent=11887"}],"wp:term":[{"taxonomy":"category","embeddable":true,"href":"https:\/\/informacionlocal.es\/de\/wp-json\/wp\/v2\/categories?post=11887"},{"taxonomy":"post_tag","embeddable":true,"href":"https:\/\/informacionlocal.es\/de\/wp-json\/wp\/v2\/tags?post=11887"}],"curies":[{"name":"wp","href":"https:\/\/api.w.org\/{rel}","templated":true}]}}