{"id":11869,"date":"2025-10-03T18:59:06","date_gmt":"2025-10-03T17:59:06","guid":{"rendered":"https:\/\/informacionlocal.es\/el-ayuntamiento-de-pajara-realiza-una-encuesta-ciudadana-para-disenar-los-cursos-formativos-de-2026\/"},"modified":"2025-10-03T18:59:06","modified_gmt":"2025-10-03T17:59:06","slug":"el-ayuntamiento-de-pajara-realiza-una-encuesta-ciudadana-para-disenar-los-cursos-formativos-de-2026","status":"publish","type":"post","link":"https:\/\/informacionlocal.es\/de\/el-ayuntamiento-de-pajara-realiza-una-encuesta-ciudadana-para-disenar-los-cursos-formativos-de-2026\/","title":{"rendered":"El Ayuntamiento de P\u00e1jara realiza una encuesta ciudadana para dise\u00f1ar los cursos formativos de 2026\u00a0"},"content":{"rendered":"<div class=\"entry-content\">\n<p><b><i>La oferta se estructurar\u00e1 en los sectores primario, industrial, servicios, medioambiental e innovaci\u00f3n y nuevas tecnolog\u00edas.<\/i><\/b><\/p>\n<p><span>La Concejal\u00eda de Desarrollo Local, Formaci\u00f3n y Empleo del Ayuntamiento de P\u00e1jara pone en marcha una encuesta dirigida a toda la ciudadan\u00eda con el objetivo de definir la programaci\u00f3n de los cursos formativos que se desarrollar\u00e1n en 2026.\u00a0<\/span><\/p>\n<p><span>La concejala del \u00e1rea, Lucia Darriba, destaca que \u201cqueremos que los vecinos y vecinas puedan expresar sus intereses y necesidades, participando activamente en la planificaci\u00f3n de la oferta formativa y profesional\u201d. \u201cAnimamos a todas las personas a participar y a ser parte activa de este proceso\u201d, a\u00f1ade.\u00a0<\/span><\/p>\n<p><span>La propuesta formativa abarca sectores estrat\u00e9gicos para el desarrollo econ\u00f3mico, social y sostenible del municipio, de manera que la oferta formativa cubra \u00e1mbitos tan diversos como el sector primario, industrial, servicios, medioambiental, as\u00ed como innovaci\u00f3n y nuevas tecnolog\u00edas.\u00a0<\/span><\/p>\n<p><span>El cuestionario ya se encuentra disponible a trav\u00e9s del siguiente enlace: <\/span><span>https:\/\/docs.google.com\/forms\/d\/e\/1FAIpQLSdvP3luNFo5k8la45Lbb9y6oFC3Vi4GtLy8_Cx_Xy_-UsPyIQ\/viewform<\/span><span>.\u00a0<\/span><\/p>\n<p><span>De esta manera, el Ayuntamiento reafirma su voluntad de escuchar a la ciudadan\u00eda y trabajar conjuntamente en la creaci\u00f3n de una oferta formativa adaptada a las necesidades reales del municipio.\u00a0<\/span><\/p>\n<\/div>\n","protected":false},"excerpt":{"rendered":"<p><i>La oferta se estructurar\u00e1 en los sectores primario, industrial, servicios, medioambiental e innovaci\u00f3n y nuevas tecnolog\u00edas.<\/i><\/p>\n","protected":false},"author":1,"featured_media":11871,"comment_status":"open","ping_status":"open","sticky":false,"template":"","format":"standard","meta":{"inline_featured_image":false,"jnews-multi-image_gallery":[],"jnews_single_post":[],"jnews_primary_category":[],"jnews_social_meta":[],"jnews_override_counter":[],"jnews_post_split":[],"footnotes":""},"categories":[63],"tags":[404],"class_list":["post-11869","post","type-post","status-publish","format-standard","has-post-thumbnail","hentry","category-pajara","tag-innovacion-y-nuevas-tecnologias"],"jetpack_featured_media_url":"https:\/\/informacionlocal.es\/wp-content\/uploads\/2025\/10\/img_0420-e1759492567809.png","_links":{"self":[{"href":"https:\/\/informacionlocal.es\/de\/wp-json\/wp\/v2\/posts\/11869","targetHints":{"allow":["GET"]}}],"collection":[{"href":"https:\/\/informacionlocal.es\/de\/wp-json\/wp\/v2\/posts"}],"about":[{"href":"https:\/\/informacionlocal.es\/de\/wp-json\/wp\/v2\/types\/post"}],"author":[{"embeddable":true,"href":"https:\/\/informacionlocal.es\/de\/wp-json\/wp\/v2\/users\/1"}],"replies":[{"embeddable":true,"href":"https:\/\/informacionlocal.es\/de\/wp-json\/wp\/v2\/comments?post=11869"}],"version-history":[{"count":0,"href":"https:\/\/informacionlocal.es\/de\/wp-json\/wp\/v2\/posts\/11869\/revisions"}],"wp:featuredmedia":[{"embeddable":true,"href":"https:\/\/informacionlocal.es\/de\/wp-json\/wp\/v2\/media\/11871"}],"wp:attachment":[{"href":"https:\/\/informacionlocal.es\/de\/wp-json\/wp\/v2\/media?parent=11869"}],"wp:term":[{"taxonomy":"category","embeddable":true,"href":"https:\/\/informacionlocal.es\/de\/wp-json\/wp\/v2\/categories?post=11869"},{"taxonomy":"post_tag","embeddable":true,"href":"https:\/\/informacionlocal.es\/de\/wp-json\/wp\/v2\/tags?post=11869"}],"curies":[{"name":"wp","href":"https:\/\/api.w.org\/{rel}","templated":true}]}}