{"id":11863,"date":"2025-10-03T18:03:42","date_gmt":"2025-10-03T17:03:42","guid":{"rendered":"https:\/\/informacionlocal.es\/corralejo-se-convierte-en-el-epicentro-cultural-de-la-isla-con-el-xix-festival-internacional-de-blues-y-jazz\/"},"modified":"2025-10-03T18:03:42","modified_gmt":"2025-10-03T17:03:42","slug":"corralejo-se-convierte-en-el-epicentro-cultural-de-la-isla-con-el-xix-festival-internacional-de-blues-y-jazz","status":"publish","type":"post","link":"https:\/\/informacionlocal.es\/de\/corralejo-se-convierte-en-el-epicentro-cultural-de-la-isla-con-el-xix-festival-internacional-de-blues-y-jazz\/","title":{"rendered":"Corralejo se convierte en el epicentro cultural de la Isla con el XIX Festival Internacional de Blues y Jazz"},"content":{"rendered":"<p>Vuelve, un a\u00f1o m\u00e1s, la ilusi\u00f3n por el Festival Internacional de Blues y Jazz a Corralejo. El Ayuntamiento de La Oliva, a trav\u00e9s de la Concejal\u00eda de Cultura, que dirige David Hern\u00e1ndez junto con la colaboraci\u00f3n del Cabildo Insular de Fuerteventura, a trav\u00e9s de la Consejer\u00eda de Cultura, que gestiona Rayco Le\u00f3n, presenta esta XIX edici\u00f3n que promete seguir consolid\u00e1ndose como un evento referente del g\u00e9nero en Fuerteventura. <\/p>\n<p>Diferentes vocalistas y bandas locales, nacionales e internacionales compartir\u00e1n escenario durante los pr\u00f3ximos 23, 24 y 25 de octubre a partir de las 20:00 horas. As\u00ed pues el jueves 23 bailaremos al son de Johele y Indunas, Jazz Street Project y Ars\u00e9nico, nuestros grupos locales. El viernes 24 de octubre los asistentes podr\u00e1n disfrutar de la gran noche del Blues con artistas nacionales e internacionales como The Electric Soul Company (Chicago), JJ Thames &amp; Luca Giordano Band (USA\/IT) y Mart\u00edn Burguez &amp; His Rhythm Combo (Uruguay \u2013 Barcelona), adem\u00e1s, de la dinamizaci\u00f3n de la Banda The Plunger Dixie Band. <\/p>\n<p>Mientras, el s\u00e1bado 25 de octubre contaremos con la presencia de Combo Paradiso (Madrid), Latino Blanco &amp; Mark Nightingale (Reino Unido \u2013 Valencia) y Jesse Davis (Luisiana &#8211; Nueva Orleans) para la noche dedicada al Jazz. <\/p>\n<p>El alcalde de La Oliva, Isa\u00ed Blanco, destaca la riqueza cultural que aporta un evento como el Festival: \u201cEste encuentro art\u00edstico sigue emocionando a locales y visitantes a\u00f1o tras a\u00f1o. Su XIX edici\u00f3n as\u00ed lo confirma, con artistas de diferentes lugares del mundo que acercan al municipio lo mejor de ambos g\u00e9neros musicales durante 3 d\u00edas dedicados a la cultura en Corralejo.\u201d<\/p>\n<p>Por su parte, el concejal de Cultura, David Hern\u00e1ndez, manifiesta: \u201cel festival enriquece cada vez m\u00e1s la oferta Cultural del municipio, atrayendo a visitantes y locales con un encuentro de artistas de calidad que pone en valor la convivencia, la participaci\u00f3n ciudadana y el apoyo a la m\u00fasica en directo. Quiero agradecer a la Consejer\u00eda de Cultura del Cabildo Insular de Fuerteventura como a la Concejal\u00eda de Turismo del Ayuntamiento porque sin su gran colaboraci\u00f3n no ser\u00eda posible llevar este evento para beneficio de la ciudadan\u00eda.\u201d<\/p>\n<p>Una cita obligatoria en el calendario cultural de La Oliva que sorprende, a\u00f1o tras a\u00f1o, a amantes de la m\u00fasica y el arte.<\/p>\n","protected":false},"excerpt":{"rendered":"<p><span>Avenida Nuestra Se\u00f1ora del Carmen recibir\u00e1 a los mejores artistas del g\u00e9nero musical los pr\u00f3ximos 23, 24 y 25 de octubre<\/span><\/p>\n","protected":false},"author":1,"featured_media":11865,"comment_status":"open","ping_status":"open","sticky":false,"template":"","format":"standard","meta":{"inline_featured_image":false,"jnews-multi-image_gallery":[],"jnews_single_post":[],"jnews_primary_category":[],"jnews_social_meta":[],"jnews_override_counter":[],"jnews_post_split":[],"footnotes":""},"categories":[62],"tags":[82],"class_list":["post-11863","post","type-post","status-publish","format-standard","has-post-thumbnail","hentry","category-la-oliva","tag-fuerteventura"],"jetpack_featured_media_url":"https:\/\/informacionlocal.es\/wp-content\/uploads\/2025\/10\/5255_3bd555d1.png","_links":{"self":[{"href":"https:\/\/informacionlocal.es\/de\/wp-json\/wp\/v2\/posts\/11863","targetHints":{"allow":["GET"]}}],"collection":[{"href":"https:\/\/informacionlocal.es\/de\/wp-json\/wp\/v2\/posts"}],"about":[{"href":"https:\/\/informacionlocal.es\/de\/wp-json\/wp\/v2\/types\/post"}],"author":[{"embeddable":true,"href":"https:\/\/informacionlocal.es\/de\/wp-json\/wp\/v2\/users\/1"}],"replies":[{"embeddable":true,"href":"https:\/\/informacionlocal.es\/de\/wp-json\/wp\/v2\/comments?post=11863"}],"version-history":[{"count":0,"href":"https:\/\/informacionlocal.es\/de\/wp-json\/wp\/v2\/posts\/11863\/revisions"}],"wp:featuredmedia":[{"embeddable":true,"href":"https:\/\/informacionlocal.es\/de\/wp-json\/wp\/v2\/media\/11865"}],"wp:attachment":[{"href":"https:\/\/informacionlocal.es\/de\/wp-json\/wp\/v2\/media?parent=11863"}],"wp:term":[{"taxonomy":"category","embeddable":true,"href":"https:\/\/informacionlocal.es\/de\/wp-json\/wp\/v2\/categories?post=11863"},{"taxonomy":"post_tag","embeddable":true,"href":"https:\/\/informacionlocal.es\/de\/wp-json\/wp\/v2\/tags?post=11863"}],"curies":[{"name":"wp","href":"https:\/\/api.w.org\/{rel}","templated":true}]}}