{"id":1184,"date":"2025-04-10T16:58:34","date_gmt":"2025-04-10T16:58:34","guid":{"rendered":"https:\/\/informacionlocal.es\/la-oliva-feiert-die-karwoche-in-el-cotillo-mit-der-ueblichen-kulturellen-veranstaltung\/"},"modified":"2025-04-14T10:00:13","modified_gmt":"2025-04-14T10:00:13","slug":"la-oliva-feiert-die-karwoche-in-el-cotillo-mit-der-ueblichen-kulturellen-veranstaltung","status":"publish","type":"post","link":"https:\/\/informacionlocal.es\/de\/la-oliva-feiert-die-karwoche-in-el-cotillo-mit-der-ueblichen-kulturellen-veranstaltung\/","title":{"rendered":"La Oliva feiert die Karwoche in El Cotillo mit der \u00fcblichen kulturellen Veranstaltung."},"content":{"rendered":"<p>Das Rathaus von La Oliva pr\u00e4sentiert \u00fcber die Abteilung f\u00fcr Kultur unter der Leitung von David Hern\u00e1ndez und in Zusammenarbeit mit der Abteilung f\u00fcr Kultur des Inselrates von Fuerteventura unter der Leitung von Rayco Le\u00f3n das kulturelle Programm, das f\u00fcr die Osterfeierlichkeiten in El Cotillo geplant ist. Am 17. und 18. April findet auf dem alten Platz der Stadt das Festival Sonido Costero, besser bekannt unter dem Namen SOCO, statt, eine musikalische Kulturveranstaltung, die von der Vereinigung Analogic Foundation bereits zum 14. Die Veranstaltung hat sowohl innerhalb als auch au\u00dferhalb der Insel gro\u00dfe Bedeutung erlangt und ist zu einem Konzert geworden, an dem viele kanarische K\u00fcnstler ein wachsendes Interesse zeigen, mitzuwirken.  <\/p>\n<p>In dieser Ausgabe werden wir K\u00fcnstler aus verschiedenen Genres haben, wie Zamundace &#8211; Delaweapon &amp; Once, Supawayah, Africa Yeah (Lanzarote), Bs &amp; Bongo Tree, Eypril (El Cotillo), Brando Chivato (Italien, La Oliva), Papaya Subtropical Sudakita y El Yeye, Fran Baraja (Teneriffa) und Dj Kamisetas (Lanzarote).  <\/p>\n<p>Der B\u00fcrgermeister von La Oliva, Isa\u00ed Blanco, sagt: &#8222;Die Gemeinde feiert wieder einmal ihre Semana Santa im Dorf El Cotillo. Dies ist eine hervorragende Gelegenheit f\u00fcr Nachbarn und Besucher von La Oliva, in die Stadt zu kommen, um die gute Musik und andere kulturelle Aktivit\u00e4ten zu genie\u00dfen, die von allen Teilnehmern genossen werden&#8220;.  <\/p>\n<p>Der Stadtrat f\u00fcr Kultur, David Hern\u00e1ndez, sagte seinerseits: &#8222;Wir sind stolz darauf, ein weiteres Jahr mit einem Festival wie SOCO zusammenzuarbeiten, da sich die Veranstaltung bei Einheimischen und Besuchern konsolidiert hat und nun ihre vierzehnte Auflage feiert. Auflage feiert. Das Ministerium l\u00e4dt Sie ein, mit uns Ostern zu genie\u00dfen und an dieser Veranstaltung teilzunehmen, bei der alternative Musik die Abende dieser Tage versch\u00f6nern wird&#8220;.<\/p>\n<p>Der Stadtrat f\u00fcr Kultur der Inselregierung, Rayco Le\u00f3n, f\u00fcgt hinzu: &#8222;Das SOCO-Festival hat es geschafft, sich im Rahmen von El Cotillo zu konsolidieren, mit einem anderen Vorschlag, den wir weiterhin vom Cabildo von Fuerteventura unterst\u00fctzen m\u00fcssen, um so die Vielfalt der Stile zu f\u00f6rdern und gleichzeitig die Gruppen zu unterst\u00fctzen, die die Musikszene der Insel ausmachen&#8220;.  <\/p>\n<p>Zus\u00e4tzlich zu diesem Programm findet am 19. April auf dem \u00f6ffentlichen Platz von El Cotillo das Semana Santa Festival statt. Ab 17 Uhr bietet die Stadt einen Workshop \u00fcber traditionelle afrikanische T\u00e4nze und Perkussion aus dem zentral-westlichen Teil des afrikanischen Kontinents an, und ab 20 Uhr beginnt eine gro\u00dfartige Nacht mit den Gruppen Que Chimba, Aseres, Grupo Bomba und Grupo Arena. <\/p>\n","protected":false},"excerpt":{"rendered":"<p><span>Das Konsistorium pr\u00e4sentiert ein reichhaltiges kulturelles Programm mit seinem bereits konsolidierten SOCO-Festival und dem Osterfestival.<\/span><\/p>\n","protected":false},"author":1,"featured_media":618,"comment_status":"open","ping_status":"open","sticky":false,"template":"","format":"standard","meta":{"inline_featured_image":false,"jnews-multi-image_gallery":[],"jnews_single_post":[],"jnews_primary_category":[],"jnews_social_meta":[],"jnews_override_counter":[],"jnews_post_split":[],"footnotes":""},"categories":[291],"tags":[216,196,217,237],"class_list":["post-1184","post","type-post","status-publish","format-standard","has-post-thumbnail","hentry","category-la-oliva-de","tag-fuerteventura-de","tag-gemeinden","tag-kultur-und-freizeit","tag-veranstaltungen"],"jetpack_featured_media_url":"https:\/\/informacionlocal.es\/wp-content\/uploads\/2025\/04\/5181_6bf72445.png","_links":{"self":[{"href":"https:\/\/informacionlocal.es\/de\/wp-json\/wp\/v2\/posts\/1184","targetHints":{"allow":["GET"]}}],"collection":[{"href":"https:\/\/informacionlocal.es\/de\/wp-json\/wp\/v2\/posts"}],"about":[{"href":"https:\/\/informacionlocal.es\/de\/wp-json\/wp\/v2\/types\/post"}],"author":[{"embeddable":true,"href":"https:\/\/informacionlocal.es\/de\/wp-json\/wp\/v2\/users\/1"}],"replies":[{"embeddable":true,"href":"https:\/\/informacionlocal.es\/de\/wp-json\/wp\/v2\/comments?post=1184"}],"version-history":[{"count":1,"href":"https:\/\/informacionlocal.es\/de\/wp-json\/wp\/v2\/posts\/1184\/revisions"}],"predecessor-version":[{"id":1616,"href":"https:\/\/informacionlocal.es\/de\/wp-json\/wp\/v2\/posts\/1184\/revisions\/1616"}],"wp:featuredmedia":[{"embeddable":true,"href":"https:\/\/informacionlocal.es\/de\/wp-json\/wp\/v2\/media\/618"}],"wp:attachment":[{"href":"https:\/\/informacionlocal.es\/de\/wp-json\/wp\/v2\/media?parent=1184"}],"wp:term":[{"taxonomy":"category","embeddable":true,"href":"https:\/\/informacionlocal.es\/de\/wp-json\/wp\/v2\/categories?post=1184"},{"taxonomy":"post_tag","embeddable":true,"href":"https:\/\/informacionlocal.es\/de\/wp-json\/wp\/v2\/tags?post=1184"}],"curies":[{"name":"wp","href":"https:\/\/api.w.org\/{rel}","templated":true}]}}