{"id":11803,"date":"2025-10-02T19:58:25","date_gmt":"2025-10-02T18:58:25","guid":{"rendered":"https:\/\/informacionlocal.es\/la-almazara-del-cabildo-procesa-mas-de-70-000-kilogramos-de-aceituna\/"},"modified":"2025-10-02T19:58:25","modified_gmt":"2025-10-02T18:58:25","slug":"la-almazara-del-cabildo-procesa-mas-de-70-000-kilogramos-de-aceituna","status":"publish","type":"post","link":"https:\/\/informacionlocal.es\/de\/la-almazara-del-cabildo-procesa-mas-de-70-000-kilogramos-de-aceituna\/","title":{"rendered":"La almazara del Cabildo procesa m\u00e1s de 70.000 kilogramos de aceituna"},"content":{"rendered":"<div class=\"entry-content\"><strong>2 octubre, 2025<\/strong><\/p>\n<p><em><strong>El aceite producido ha sido entregado a 145 productores y productoras de la Isla, y se sigue molturando la variedad verdial<\/strong><\/em><\/p>\n<p>La almazara del Cabildo de Fuerteventura ha procesado m\u00e1s de 70.000 kilogramos de aceituna en la campa\u00f1a de 2025. Una producci\u00f3n de aceite que ha comenzado a ser entregada a 145 productores y productoras de la Isla, y se contin\u00faa recibiendo la variedad verdial, tipolog\u00eda que finaliza la campa\u00f1a.<\/p>\n<p>La elaboraci\u00f3n del aceite se ha realizado siguiendo las condiciones higi\u00e9nico-sanitarias para su fabricaci\u00f3n, pasando por las pruebas anal\u00edticas correspondientes.<\/p>\n<p>La presidenta del Cabildo de Fuerteventura, Lola Garc\u00eda, y el consejero de Agricultura, Ganader\u00eda y Pesca, Mat\u00edas Pe\u00f1a, agradecen el esfuerzo que realizan los olivicultores por mantener la excelencia de un producto como el aceite majorero, que cada vez es m\u00e1s reconocido dentro y fuera de Fuerteventura.\u00a0 Asimismo, destacan la coordinaci\u00f3n que ha existido entre olivicultores y el personal trabajador de la Granja Experimental de Pozo Negro.<\/p>\n<\/div>\n","protected":false},"excerpt":{"rendered":"<p>2 octubre, 2025 El aceite producido ha sido entregado a 145 productores y productoras de la Isla, y se sigue molturando la variedad verdial La almazara del Cabildo de Fuerteventura [&hellip;]<\/p>\n","protected":false},"author":1,"featured_media":11805,"comment_status":"open","ping_status":"open","sticky":false,"template":"","format":"standard","meta":{"inline_featured_image":false,"jnews-multi-image_gallery":[],"jnews_single_post":[],"jnews_primary_category":[],"jnews_social_meta":[],"jnews_override_counter":[],"jnews_post_split":[],"footnotes":""},"categories":[58],"tags":[82],"class_list":["post-11803","post","type-post","status-publish","format-standard","has-post-thumbnail","hentry","category-cabildo","tag-fuerteventura"],"jetpack_featured_media_url":"https:\/\/informacionlocal.es\/wp-content\/uploads\/2025\/10\/1759403754-50fa74a2c6d261efe24b8fafbf65424c.jpg","_links":{"self":[{"href":"https:\/\/informacionlocal.es\/de\/wp-json\/wp\/v2\/posts\/11803","targetHints":{"allow":["GET"]}}],"collection":[{"href":"https:\/\/informacionlocal.es\/de\/wp-json\/wp\/v2\/posts"}],"about":[{"href":"https:\/\/informacionlocal.es\/de\/wp-json\/wp\/v2\/types\/post"}],"author":[{"embeddable":true,"href":"https:\/\/informacionlocal.es\/de\/wp-json\/wp\/v2\/users\/1"}],"replies":[{"embeddable":true,"href":"https:\/\/informacionlocal.es\/de\/wp-json\/wp\/v2\/comments?post=11803"}],"version-history":[{"count":0,"href":"https:\/\/informacionlocal.es\/de\/wp-json\/wp\/v2\/posts\/11803\/revisions"}],"wp:featuredmedia":[{"embeddable":true,"href":"https:\/\/informacionlocal.es\/de\/wp-json\/wp\/v2\/media\/11805"}],"wp:attachment":[{"href":"https:\/\/informacionlocal.es\/de\/wp-json\/wp\/v2\/media?parent=11803"}],"wp:term":[{"taxonomy":"category","embeddable":true,"href":"https:\/\/informacionlocal.es\/de\/wp-json\/wp\/v2\/categories?post=11803"},{"taxonomy":"post_tag","embeddable":true,"href":"https:\/\/informacionlocal.es\/de\/wp-json\/wp\/v2\/tags?post=11803"}],"curies":[{"name":"wp","href":"https:\/\/api.w.org\/{rel}","templated":true}]}}