{"id":11755,"date":"2025-10-01T19:58:46","date_gmt":"2025-10-01T18:58:46","guid":{"rendered":"https:\/\/informacionlocal.es\/reunido-el-consejo-escolar-insular-para-abordar-cuestiones-que-afectan-a-la-comunidad-educativa\/"},"modified":"2025-10-01T19:58:46","modified_gmt":"2025-10-01T18:58:46","slug":"reunido-el-consejo-escolar-insular-para-abordar-cuestiones-que-afectan-a-la-comunidad-educativa","status":"publish","type":"post","link":"https:\/\/informacionlocal.es\/de\/reunido-el-consejo-escolar-insular-para-abordar-cuestiones-que-afectan-a-la-comunidad-educativa\/","title":{"rendered":"Reunido el Consejo Escolar Insular para abordar cuestiones que afectan a la comunidad educativa"},"content":{"rendered":"<div class=\"entry-content\"><strong>1 octubre, 2025<\/strong><\/p>\n<p><em><strong>El Cabildo de Fuerteventura resalt\u00f3 su apuesta por la pol\u00edtica de becas, con la mayor inversi\u00f3n de toda Canarias<\/strong><\/em><\/p>\n<p><em><strong>Se propone la creaci\u00f3n de comisiones sobre escuelas rurales y comedores, FP y estudios superiores e infraestructuras y transporte, respectivamente<\/strong><\/em><\/p>\n<p>El Consejo Escolar Insular de Fuerteventura se reuni\u00f3 este lunes en sesi\u00f3n ordinaria, como \u00f3rgano de participaci\u00f3n ciudadana para el encuentro y debate sobre cuestiones que afectan a la comunidad educativa de la Isla y elevar propuestas a nivel insular en su conjunto. Este \u00f3rgano se constituy\u00f3 el pasado 3 de octubre, siendo Fuerteventura la primera isla canaria en contar con Consejo.<\/p>\n<p>Durante la sesi\u00f3n, se abordaron las necesidades en materia educativa de todo el territorio insular, y la importancia de la planificaci\u00f3n para hacer frente a las problem\u00e1ticas relacionadas con la educaci\u00f3n.<\/p>\n<p>El Consejo Escolar Insular es presidido por la presidenta insular, Lola Garc\u00eda, quien abri\u00f3 la sesi\u00f3n informando sobre las acciones que se realizan desde el \u2018Plan Cabildo Act\u00faa\u2019, programa de la Consejer\u00eda de Fomento del Empleo, que cuenta con la coordinaci\u00f3n de la Consejer\u00eda de Educaci\u00f3n, los propios centros y los ayuntamientos para desarrollar actuaciones en infraestructuras de centros educativos de toda la Isla.<\/p>\n<p>Se hizo hincapi\u00e9, adem\u00e1s, en la necesidad de mejorar las instalaciones de la Oficina Insular de Educaci\u00f3n e Inspecci\u00f3n Educativa, situaci\u00f3n que ya ha sido trasladada por el Cabildo de Fuerteventura en el Consejo Escolar de Canarias, debido a las demandas de trabajadores, trabajadoras y personas usuarias.<\/p>\n<p>Por su parte, Adargoma Hern\u00e1ndez, como vicepresidente del Consejo Escolar Insular, mostr\u00f3 la apuesta de la Corporaci\u00f3n insular por mantener su pol\u00edtica de becas, siendo la instituci\u00f3n insular que m\u00e1s recursos destina a apoyar el estudio: 4,7 millones de euros en el curso 2024\/2025. Adem\u00e1s, por primera vez se han destinado becas de apoyo a alumnado con necesidades especiales, que ya han sido concedidas a los centros educativos solicitantes, as\u00ed como las primeras becas de movilidad para alumnado de Formaci\u00f3n Profesional. Desde la Consejer\u00eda de Educaci\u00f3n se trabaja, asimismo, para conceder las subvenciones a proyectos educativos que se dirigen a centros, AMPAS y administraciones locales con escuelas infantiles autorizadas.<\/p>\n<p>Para finalizar, el Consejo Escolar Insular propone la creaci\u00f3n de una comisi\u00f3n sobre escuelas rurales y comedores, otra comisi\u00f3n sobre FP y estudios superiores, y una tercera para infraestructuras y transporte.<\/p>\n<p><strong>CONSEJO ESCOLAR INSULAR<\/strong><\/p>\n<p>El Consejo Insular Escolar cuenta con representaci\u00f3n de la comunidad educativa:\u00a0 padres y madres, sector estudiantil, Centros de Profesorado, consejos escolares municipales y consejo social del Centro Integrado de FP Majada Marcial, Escuelas Rurales,\u00a0ecca.edu, ULPGC, UNED, C\u00e1mara de Comercio y organizaciones del tercer sector.<\/p>\n<p>Cuenta, adem\u00e1s, con representaci\u00f3n de las consejer\u00edas insulares de Educaci\u00f3n y Acci\u00f3n Social, representantes sindicales, personal de la administraci\u00f3n y servicios de los centros docentes y consejeros de cada grupo pol\u00edtico con representaci\u00f3n en el Cabildo. El Gobierno de Canarias queda representado por la directora insular de Educaci\u00f3n y existe representaci\u00f3n de cada ayuntamiento.\u00a0<\/p>\n<\/div>\n","protected":false},"excerpt":{"rendered":"<p>1 octubre, 2025 El Cabildo de Fuerteventura resalt\u00f3 su apuesta por la pol\u00edtica de becas, con la mayor inversi\u00f3n de toda Canarias Se propone la creaci\u00f3n de comisiones sobre escuelas [&hellip;]<\/p>\n","protected":false},"author":1,"featured_media":11757,"comment_status":"open","ping_status":"open","sticky":false,"template":"","format":"standard","meta":{"inline_featured_image":false,"jnews-multi-image_gallery":[],"jnews_single_post":[],"jnews_primary_category":[],"jnews_social_meta":[],"jnews_override_counter":[],"jnews_post_split":[],"footnotes":""},"categories":[58],"tags":[73,82],"class_list":["post-11755","post","type-post","status-publish","format-standard","has-post-thumbnail","hentry","category-cabildo","tag-educacion","tag-fuerteventura"],"jetpack_featured_media_url":"https:\/\/informacionlocal.es\/wp-content\/uploads\/2025\/10\/1759303587-7335649132f884f40131708596a02e2c.jpg","_links":{"self":[{"href":"https:\/\/informacionlocal.es\/de\/wp-json\/wp\/v2\/posts\/11755","targetHints":{"allow":["GET"]}}],"collection":[{"href":"https:\/\/informacionlocal.es\/de\/wp-json\/wp\/v2\/posts"}],"about":[{"href":"https:\/\/informacionlocal.es\/de\/wp-json\/wp\/v2\/types\/post"}],"author":[{"embeddable":true,"href":"https:\/\/informacionlocal.es\/de\/wp-json\/wp\/v2\/users\/1"}],"replies":[{"embeddable":true,"href":"https:\/\/informacionlocal.es\/de\/wp-json\/wp\/v2\/comments?post=11755"}],"version-history":[{"count":0,"href":"https:\/\/informacionlocal.es\/de\/wp-json\/wp\/v2\/posts\/11755\/revisions"}],"wp:featuredmedia":[{"embeddable":true,"href":"https:\/\/informacionlocal.es\/de\/wp-json\/wp\/v2\/media\/11757"}],"wp:attachment":[{"href":"https:\/\/informacionlocal.es\/de\/wp-json\/wp\/v2\/media?parent=11755"}],"wp:term":[{"taxonomy":"category","embeddable":true,"href":"https:\/\/informacionlocal.es\/de\/wp-json\/wp\/v2\/categories?post=11755"},{"taxonomy":"post_tag","embeddable":true,"href":"https:\/\/informacionlocal.es\/de\/wp-json\/wp\/v2\/tags?post=11755"}],"curies":[{"name":"wp","href":"https:\/\/api.w.org\/{rel}","templated":true}]}}