{"id":11749,"date":"2025-10-01T19:00:01","date_gmt":"2025-10-01T18:00:01","guid":{"rendered":"https:\/\/informacionlocal.es\/el-cabildo-prosigue-la-instalacion-de-vallas-de-proteccion-especiales-a-peticion-del-colectivo-de-motoristas-de-fuerteventura\/"},"modified":"2025-10-01T19:00:01","modified_gmt":"2025-10-01T18:00:01","slug":"el-cabildo-prosigue-la-instalacion-de-vallas-de-proteccion-especiales-a-peticion-del-colectivo-de-motoristas-de-fuerteventura","status":"publish","type":"post","link":"https:\/\/informacionlocal.es\/de\/el-cabildo-prosigue-la-instalacion-de-vallas-de-proteccion-especiales-a-peticion-del-colectivo-de-motoristas-de-fuerteventura\/","title":{"rendered":"El Cabildo prosigue la instalaci\u00f3n de vallas de protecci\u00f3n especiales a petici\u00f3n del colectivo de motoristas de Fuerteventura"},"content":{"rendered":"<div class=\"entry-content\"><strong>1 octubre, 2025<\/strong><\/p>\n<p><strong><em>El Servicio de Carreteras act\u00faa ahora en Morro Jable, tras colocar<br \/>\nSistemas de Protecci\u00f3n de Motociclistas (SPM) entre Tuineje y Toto, entre<br \/>\nTiscamanita y Agua de Bueyes y en la zona de El Castillo<\/em><\/strong><\/p>\n<p><strong><em>La adaptaci\u00f3n de las barreras met\u00e1licas habituales para siniestros de<br \/>\nveh\u00edculos de dos ruedas evita amputaciones y que los accidentados salgan<br \/>\ndespedidos<\/em><\/strong><\/p>\n<p>El Cabildo de Fuerteventura, a trav\u00e9s del<br \/>\nServicio de Carreteras, prosigue la instalaci\u00f3n de Sistemas de Protecci\u00f3n de<br \/>\nMotociclistas (SPM) en la red viaria. Esta nueva dotaci\u00f3n en las v\u00edas<br \/>\nmajoreras, que se va incorporando en puntos clave con especial peligrosidad en<br \/>\ncaso de accidente, nace de la petici\u00f3n del colectivo de motoristas. El \u00faltimo<br \/>\nSPM instalado es a la entrada de Morro Jable, en la FV-2 a la altura de la<br \/>\nrotonda de las esculturas de ni\u00f1os.<\/p>\n<p>La presidenta insular, Lola Garc\u00eda, pone en<br \/>\nvalor los trabajos que se realizan desde el Cabildo para mantener en buen estado<br \/>\nla red insular de carreteras, con acciones como esta para incrementar la<br \/>\nseguridad, respondiendo a una demanda de la ciudadan\u00eda.<\/p>\n<p>El consejero de Carreteras, Blas Acosta, recuerda<br \/>\nque \u201cel objetivo es procurar una circulaci\u00f3n segura y confortable en toda la<br \/>\nred viaria de Fuerteventura, realizando un mantenimiento constante del asfalto,<br \/>\nsustituyendo las se\u00f1ales de tr\u00e1fico deterioradas e incorporando nuevos sistemas<br \/>\nde seguridad vial como el Sistema de Protecci\u00f3n de Motociclistas\u201d.<\/p>\n<p>En este \u00faltimo caso, el Servicio de Carreteras<br \/>\nha sustituido 324 metros de barrera normal en la citada zona de la FV-2 y ha<br \/>\na\u00f1adido 148 metros de SPM en las curvas con mayor riesgo en caso de ca\u00edda de<br \/>\nmotoristas.<\/p>\n<p>Los lugares elegidos para la instalaci\u00f3n del<br \/>\nSPM se encuentran repartidos por toda la red viaria y responden a puntos de<br \/>\nespecial significaci\u00f3n para veh\u00edculos de dos ruedas en caso de accidente. Entre<br \/>\notros, se ha intervenido o se ha planificado una intervenci\u00f3n en varios tramos<br \/>\nde las carreteras FV-10, FV-20, FV-30 y FV-2.<\/p>\n<p>En concreto, el Servicio de Carreteras, una<br \/>\nvez estudiadas las peticiones del colectivo de motociclistas, determin\u00f3 puntos<br \/>\nde instalaci\u00f3n inmediata del SPM entre Tuineje y Toto, entre Tiscamanita y Agua<br \/>\nde Bueyes y en la zona de El Castillo.<\/p>\n<p>La funci\u00f3n del Sistema de Protecci\u00f3n de<br \/>\nMotociclistas es evitar los riesgos de impacto directo del motociclista contra<br \/>\nel poste de la barrera que puede producirle graves lesiones y amputaciones y de<br \/>\nque el motorista salga despedido de la v\u00eda, bajo la barrera, por el espacio<br \/>\nlibre entre dos postes consecutivos. <\/p>\n<p>Para ello, se suplementa la barrera simple<br \/>\nhabitual con una valla o pantalla de rigidez y espesor inferiores a la barrera<br \/>\nmet\u00e1lica ya existente, sujeta a \u00e9sta y colocada en la parte inferior. Con el<br \/>\nSPM se tapan los vanos entre postes y se evita el impacto directo contra dichos<br \/>\npostes.<\/p>\n<\/div>\n","protected":false},"excerpt":{"rendered":"<p>1 octubre, 2025 El Servicio de Carreteras act\u00faa ahora en Morro Jable, tras colocar Sistemas de Protecci\u00f3n de Motociclistas (SPM) entre Tuineje y Toto, entre Tiscamanita y Agua de Bueyes [&hellip;]<\/p>\n","protected":false},"author":1,"featured_media":11751,"comment_status":"open","ping_status":"open","sticky":false,"template":"","format":"standard","meta":{"inline_featured_image":false,"jnews-multi-image_gallery":[],"jnews_single_post":[],"jnews_primary_category":[],"jnews_social_meta":[],"jnews_override_counter":[],"jnews_post_split":[],"footnotes":""},"categories":[58],"tags":[82,182],"class_list":["post-11749","post","type-post","status-publish","format-standard","has-post-thumbnail","hentry","category-cabildo","tag-fuerteventura","tag-seguridad"],"jetpack_featured_media_url":"https:\/\/informacionlocal.es\/wp-content\/uploads\/2025\/10\/1759309252-432bffea0f7ced25085c1ef1e30f74da.jpg","_links":{"self":[{"href":"https:\/\/informacionlocal.es\/de\/wp-json\/wp\/v2\/posts\/11749","targetHints":{"allow":["GET"]}}],"collection":[{"href":"https:\/\/informacionlocal.es\/de\/wp-json\/wp\/v2\/posts"}],"about":[{"href":"https:\/\/informacionlocal.es\/de\/wp-json\/wp\/v2\/types\/post"}],"author":[{"embeddable":true,"href":"https:\/\/informacionlocal.es\/de\/wp-json\/wp\/v2\/users\/1"}],"replies":[{"embeddable":true,"href":"https:\/\/informacionlocal.es\/de\/wp-json\/wp\/v2\/comments?post=11749"}],"version-history":[{"count":0,"href":"https:\/\/informacionlocal.es\/de\/wp-json\/wp\/v2\/posts\/11749\/revisions"}],"wp:featuredmedia":[{"embeddable":true,"href":"https:\/\/informacionlocal.es\/de\/wp-json\/wp\/v2\/media\/11751"}],"wp:attachment":[{"href":"https:\/\/informacionlocal.es\/de\/wp-json\/wp\/v2\/media?parent=11749"}],"wp:term":[{"taxonomy":"category","embeddable":true,"href":"https:\/\/informacionlocal.es\/de\/wp-json\/wp\/v2\/categories?post=11749"},{"taxonomy":"post_tag","embeddable":true,"href":"https:\/\/informacionlocal.es\/de\/wp-json\/wp\/v2\/tags?post=11749"}],"curies":[{"name":"wp","href":"https:\/\/api.w.org\/{rel}","templated":true}]}}