{"id":11743,"date":"2025-10-01T17:58:47","date_gmt":"2025-10-01T16:58:47","guid":{"rendered":"https:\/\/informacionlocal.es\/el-pleno-aprueba-la-consolidacion-de-nuevas-plazas-de-respiro-familiar-en-servicios-sociales\/"},"modified":"2025-10-01T17:58:47","modified_gmt":"2025-10-01T16:58:47","slug":"el-pleno-aprueba-la-consolidacion-de-nuevas-plazas-de-respiro-familiar-en-servicios-sociales","status":"publish","type":"post","link":"https:\/\/informacionlocal.es\/de\/el-pleno-aprueba-la-consolidacion-de-nuevas-plazas-de-respiro-familiar-en-servicios-sociales\/","title":{"rendered":"El Pleno aprueba la consolidaci\u00f3n de nuevas plazas de Respiro Familiar en Servicios Sociales"},"content":{"rendered":"<div class=\"entry-content\">\n<ul>\n<li><span><strong>La Corporaci\u00f3n municipal acuerda medidas para reforzar la estabilidad laboral y la calidad en la atenci\u00f3n a familias usuarias de los Servicios Sociales.<\/strong><strong>\u00a0<\/strong><\/span><\/li>\n<\/ul>\n<p><span><strong>En Puerto del Rosario, a 1 de octubre de 2025.-<\/strong> El Ayuntamiento de Puerto del Rosario celebr\u00f3 este lunes sesi\u00f3n plenaria ordinaria en la que se aprobaron importantes medidas tanto en el \u00e1mbito social como en materia de solidaridad internacional.<\/span><\/p>\n<p><span>Por un lado, se aprob\u00f3 la modificaci\u00f3n de la Relaci\u00f3n de Puestos de Trabajo (RPT) que permitir\u00e1 mantener y redefinir cuatro plazas vinculadas al servicio de Respiro Familiar, consolidando el empleo p\u00fablico y ampliando las funciones de acompa\u00f1amiento y apoyo a las familias usuarias.<\/span><\/p>\n<p><span>El alcalde y concejal de Servicios Sociales, David de Vera, manifest\u00f3 que \u201ceste acuerdo es una muestra de compromiso real con quienes m\u00e1s lo necesitan. Mantener estas plazas nos permite garantizar que el Respiro Familiar siga siendo un servicio estable y de calidad, donde las familias tengan la tranquilidad de contar con una persona de referencia que acompa\u00f1e y cuide con cercan\u00eda\u201d.<\/span><\/p>\n<p><span>La concejala de Personal, Mar\u00eda Franco, se\u00f1al\u00f3 por su parte que \u201cla RPT es un documento vivo que nos permite adaptar la plantilla a las necesidades actuales. En este caso, hemos escuchado a las familias y usuarios para definir mejor las funciones de estas plazas, que ahora incluir\u00e1n acompa\u00f1amiento a gestiones administrativas, visitas m\u00e9dicas o actividades de ocio, favoreciendo la integraci\u00f3n comunitaria. Adem\u00e1s, reforzamos la estabilidad laboral del personal, lo que repercute directamente en la calidad de la atenci\u00f3n\u201d.<\/span><\/p>\n<p><span>En la misma sesi\u00f3n plenaria, se dio luz verde a la moci\u00f3n institucional en apoyo al pueblo palestino e israel\u00ed en defensa de la paz, un documento en el que se condenan los actos de terrorismo y violencia indiscriminada, se reclama un alto el fuego inmediato y se muestra el respaldo a la soluci\u00f3n de dos Estados conforme a la legalidad internacional y a las resoluciones de Naciones Unidas.<\/span><\/p>\n<\/div>\n","protected":false},"excerpt":{"rendered":"<p>La Corporaci\u00f3n municipal acuerda medidas para reforzar la estabilidad laboral y la calidad en la atenci\u00f3n a familias usuarias de los Servicios Sociales.\u00a0 En Puerto del Rosario, a 1 de [&hellip;]<\/p>\n","protected":false},"author":1,"featured_media":11745,"comment_status":"open","ping_status":"open","sticky":false,"template":"","format":"standard","meta":{"inline_featured_image":false,"jnews-multi-image_gallery":[],"jnews_single_post":[],"jnews_primary_category":[],"jnews_social_meta":[],"jnews_override_counter":[],"jnews_post_split":[],"footnotes":""},"categories":[61],"tags":[72],"class_list":["post-11743","post","type-post","status-publish","format-standard","has-post-thumbnail","hentry","category-puerto-del-rosario","tag-integracion"],"jetpack_featured_media_url":"https:\/\/informacionlocal.es\/wp-content\/uploads\/2025\/10\/portada-pleno-septiembre.png","_links":{"self":[{"href":"https:\/\/informacionlocal.es\/de\/wp-json\/wp\/v2\/posts\/11743","targetHints":{"allow":["GET"]}}],"collection":[{"href":"https:\/\/informacionlocal.es\/de\/wp-json\/wp\/v2\/posts"}],"about":[{"href":"https:\/\/informacionlocal.es\/de\/wp-json\/wp\/v2\/types\/post"}],"author":[{"embeddable":true,"href":"https:\/\/informacionlocal.es\/de\/wp-json\/wp\/v2\/users\/1"}],"replies":[{"embeddable":true,"href":"https:\/\/informacionlocal.es\/de\/wp-json\/wp\/v2\/comments?post=11743"}],"version-history":[{"count":0,"href":"https:\/\/informacionlocal.es\/de\/wp-json\/wp\/v2\/posts\/11743\/revisions"}],"wp:featuredmedia":[{"embeddable":true,"href":"https:\/\/informacionlocal.es\/de\/wp-json\/wp\/v2\/media\/11745"}],"wp:attachment":[{"href":"https:\/\/informacionlocal.es\/de\/wp-json\/wp\/v2\/media?parent=11743"}],"wp:term":[{"taxonomy":"category","embeddable":true,"href":"https:\/\/informacionlocal.es\/de\/wp-json\/wp\/v2\/categories?post=11743"},{"taxonomy":"post_tag","embeddable":true,"href":"https:\/\/informacionlocal.es\/de\/wp-json\/wp\/v2\/tags?post=11743"}],"curies":[{"name":"wp","href":"https:\/\/api.w.org\/{rel}","templated":true}]}}