{"id":1174,"date":"2025-04-10T23:06:48","date_gmt":"2025-04-10T23:06:48","guid":{"rendered":"https:\/\/informacionlocal.es\/tuineje-zieht-bilanz-ueber-seine-teilnahme-am-eagfl\/"},"modified":"2025-04-14T10:04:19","modified_gmt":"2025-04-14T10:04:19","slug":"tuineje-zieht-bilanz-ueber-seine-teilnahme-am-eagfl","status":"publish","type":"post","link":"https:\/\/informacionlocal.es\/de\/tuineje-zieht-bilanz-ueber-seine-teilnahme-am-eagfl\/","title":{"rendered":"Tuineje zieht Bilanz \u00fcber seine Teilnahme am EAGFL"},"content":{"rendered":"<div class=\"article-content-inner\">\n<h2 class=\"wp-block-heading\">Eine Messe mit Tomatengeschmack, Tradition und Lokalstolz<\/p>\n<\/h2>\n<p>Die Stadtverwaltung von Tuineje zieht eine positive Bilanz ihrer Teilnahme an der Messe f\u00fcr Landwirtschaft, Viehzucht und Fischerei auf Fuerteventura (FEAGA) 2025, die mit sch\u00e4tzungsweise 43.000 Besuchern ihre Pforten schloss und sich damit als eine der besucherst\u00e4rksten Ausgaben der letzten Jahre konsolidierte. W\u00e4hrend des gesamten Wochenendes war der Stand von Tuineje dank eines dynamischen und attraktiven Angebots mit starker lokaler Identit\u00e4t ein wiederkehrender Besuchspunkt. <\/p>\n<p>In diesem Jahr beschloss die Gemeinde, einem ihrer wichtigsten Produkte Tribut zu zollen: der Tomate. Unter dieser Pr\u00e4misse bot der Stand von Tuineje ein sensorisches und kulturelles Erlebnis rund um diese historische Kulturpflanze, das Verkostungen, informative Aktivit\u00e4ten und sehr emotionale Momente, wie die Hommage an die Tomatentradition der Gemeinde am Freitag, miteinander verband. Der Verein Acaicate inszenierte eine liebenswerte Darstellung der Rolle der Frauen bei der Arbeit der Ernte, eine Hommage, die Einwohner und Besucher gleicherma\u00dfen ber\u00fchrte.  <\/p>\n<p>Dar\u00fcber hinaus standen zwei Showcookings auf dem Programm, bei denen lokale Produkte mit \u00fcberraschenden und lokalen kulinarischen Vorschl\u00e4gen vorgestellt wurden. Die Stadtr\u00e4tin f\u00fcr Kultur, Dulce Garc\u00eda, leitete eine dieser gastronomischen Vorf\u00fchrungen, w\u00e4hrend die B\u00fcrgermeisterin, Candelaria Umpi\u00e9rrez, ihre Sch\u00fcrze anlegte, um ein traditionelles Rezept vorzustellen, das die Aufmerksamkeit des Publikums auf sich zog. <\/p>\n<p>Der Beigeordnete f\u00fcr den Prim\u00e4rsektor, Jonathan Pe\u00f1a, bewertete die Wirkung des Standes sehr positiv: &#8222;Wir sind sehr zufrieden mit dem Empfang. Es ist uns nicht nur gelungen, den Wert unserer Produkte zu zeigen, sondern auch die Bem\u00fchungen unserer Leute, die Geschichte und die Wurzeln des Prim\u00e4rsektors in Tuineje in den Mittelpunkt zu stellen. Die Tomatentradition ist Teil unserer Identit\u00e4t und wir wollten sie in dieser FEAGA widerspiegeln&#8220;.<\/p>\n<p>Die B\u00fcrgermeisterin von Tuineje, Candelaria Umpi\u00e9rrez, hob ihrerseits die Teamarbeit und den partizipativen Charakter der Gemeinde hervor: &#8222;Tuineje hat wieder einmal seine F\u00e4higkeit unter Beweis gestellt, sich bei den gro\u00dfen Veranstaltungen der Insel einzubringen und zu gl\u00e4nzen. Wir haben mit Gruppen, Vereinen und Nachbarn zusammengearbeitet, die einen lebendigen, engen und lebendigen Stand erm\u00f6glicht haben. Diese FEAGA war eine Gelegenheit, das Beste unseres prim\u00e4ren Sektors zu zeigen, und wir haben dies mit Stolz und Kreativit\u00e4t getan&#8220;.<\/p>\n<p>Mit mehr als 220 St\u00e4nden auf dem gesamten Messegel\u00e4nde hat sich die FEAGA 2025 als unverzichtbare Veranstaltung f\u00fcr den Prim\u00e4rsektor auf den Kanarischen Inseln etabliert. Tuineje hat mit seinem klaren Bekenntnis zu Identit\u00e4t und Innovation dieser Ausgabe einen herausragenden Stempel aufgedr\u00fcckt und sein Engagement f\u00fcr die l\u00e4ndliche Entwicklung, die Nachhaltigkeit und die F\u00f6rderung seiner Produkte und Traditionen bekr\u00e4ftigt. <\/p>\n<\/div>\n","protected":false},"excerpt":{"rendered":"<p>Eine Messe mit Tomatengeschmack, Tradition und Lokalstolz Die Stadtverwaltung von Tuineje zieht eine positive Bilanz ihrer Teilnahme an der Messe f\u00fcr Landwirtschaft, Viehzucht und Fischerei auf Fuerteventura (FEAGA) 2025, die [&hellip;]<\/p>\n","protected":false},"author":1,"featured_media":738,"comment_status":"open","ping_status":"open","sticky":false,"template":"","format":"standard","meta":{"inline_featured_image":false,"jnews-multi-image_gallery":[],"jnews_single_post":[],"jnews_primary_category":[],"jnews_social_meta":[],"jnews_override_counter":[],"jnews_post_split":[],"footnotes":""},"categories":[299],"tags":[216,196,217,199,237],"class_list":["post-1174","post","type-post","status-publish","format-standard","has-post-thumbnail","hentry","category-tuineje-de","tag-fuerteventura-de","tag-gemeinden","tag-kultur-und-freizeit","tag-umwelt","tag-veranstaltungen"],"jetpack_featured_media_url":"https:\/\/informacionlocal.es\/wp-content\/uploads\/2025\/04\/img_0262.jpg","_links":{"self":[{"href":"https:\/\/informacionlocal.es\/de\/wp-json\/wp\/v2\/posts\/1174","targetHints":{"allow":["GET"]}}],"collection":[{"href":"https:\/\/informacionlocal.es\/de\/wp-json\/wp\/v2\/posts"}],"about":[{"href":"https:\/\/informacionlocal.es\/de\/wp-json\/wp\/v2\/types\/post"}],"author":[{"embeddable":true,"href":"https:\/\/informacionlocal.es\/de\/wp-json\/wp\/v2\/users\/1"}],"replies":[{"embeddable":true,"href":"https:\/\/informacionlocal.es\/de\/wp-json\/wp\/v2\/comments?post=1174"}],"version-history":[{"count":1,"href":"https:\/\/informacionlocal.es\/de\/wp-json\/wp\/v2\/posts\/1174\/revisions"}],"predecessor-version":[{"id":1702,"href":"https:\/\/informacionlocal.es\/de\/wp-json\/wp\/v2\/posts\/1174\/revisions\/1702"}],"wp:featuredmedia":[{"embeddable":true,"href":"https:\/\/informacionlocal.es\/de\/wp-json\/wp\/v2\/media\/738"}],"wp:attachment":[{"href":"https:\/\/informacionlocal.es\/de\/wp-json\/wp\/v2\/media?parent=1174"}],"wp:term":[{"taxonomy":"category","embeddable":true,"href":"https:\/\/informacionlocal.es\/de\/wp-json\/wp\/v2\/categories?post=1174"},{"taxonomy":"post_tag","embeddable":true,"href":"https:\/\/informacionlocal.es\/de\/wp-json\/wp\/v2\/tags?post=1174"}],"curies":[{"name":"wp","href":"https:\/\/api.w.org\/{rel}","templated":true}]}}