{"id":11737,"date":"2025-10-01T16:58:32","date_gmt":"2025-10-01T15:58:32","guid":{"rendered":"https:\/\/informacionlocal.es\/la-oliva-apuesta-por-el-talento-de-los-jovenes-majoreros-con-el-festival-de-la-cancion-urban-fest\/"},"modified":"2025-10-01T16:58:32","modified_gmt":"2025-10-01T15:58:32","slug":"la-oliva-apuesta-por-el-talento-de-los-jovenes-majoreros-con-el-festival-de-la-cancion-urban-fest","status":"publish","type":"post","link":"https:\/\/informacionlocal.es\/de\/la-oliva-apuesta-por-el-talento-de-los-jovenes-majoreros-con-el-festival-de-la-cancion-urban-fest\/","title":{"rendered":"La Oliva apuesta por el talento de los j\u00f3venes majoreros con el Festival de la Canci\u00f3n \u2013 Urban Fest"},"content":{"rendered":"<p>El talento de la juventud majorera tiene una cita con el g\u00e9nero urbano los pr\u00f3ximos 3 y 4 de octubre en la Plaza Patricio Calero, Corralejo. El Ayuntamiento de La Oliva, a trav\u00e9s de la Concejal\u00eda de Juventud, que gestiona Gleiber Carre\u00f1o, y la Direcci\u00f3n General de Juventud del Gobierno de Canarias, con Daniel Morales al frente, impulsa el primer Festival de la Canci\u00f3n \u2013 Urban Fest, un encuentro en el que los j\u00f3venes de la Isla se disputar\u00e1n la producci\u00f3n de una canci\u00f3n de la mano de Guillermo Lupion, conocido por su trabajo con cantantes del panorama nacional e internacional como Quevedo y Maikel de la Calle entre otros. <\/p>\n<p>Esta primera edici\u00f3n del festival contar\u00e1 con la presencia de artistas de la talla de Nikone, Kenso y Antonia Cort\u00e9s junto con nuestros locales favoritos como Marta Umpi\u00e9rrez y Chocolate Sexy. As\u00ed pues, este encuentro apuesta por el talento joven a trav\u00e9s de diferentes actividades complementarias al gran concurso de la canci\u00f3n. As\u00ed pues, los asistentes pondr\u00e1n participar en diferentes talleres de coreograf\u00eda urbana, redes sociales para cantantes, adem\u00e1s de charlas con los artistas invitados para conocer m\u00e1s sobre el reggaeton, R&amp;B, dancehall o hip hop as\u00ed como otras curiosidades de la industria musical.<\/p>\n<p>El acto m\u00e1s esperado tendr\u00e1 lugar el 4 de octubre con el concurso de la canci\u00f3n, momento en el que diferentes j\u00f3venes se disputar\u00e1n el primer premio del Festival de la Canci\u00f3n \u2013 Urban Fest. El ganador contar\u00e1, ni m\u00e1s ni menos, con la posibilidad de producir una canci\u00f3n en Madrid con el conocido productor Guillermo Lupion aclamado por la industria gracias a su trabajo con Quevedo, Maikel de la Calle y otros artistas de renombre en el panorama musical actual. <\/p>\n<p>El alcalde de La Oliva, Isa\u00ed Blanco, destaca la posibilidad que se ofrece a los j\u00f3venes artistas con este encuentro: \u201cLo que hace especial este evento y la raz\u00f3n que motiva la creaci\u00f3n del festival no es otra que ofrecerle apoyo a la juventud de nuestra Isla que siente la necesidad de explotar su talento musical. El Festival de la Canci\u00f3n \u2013 Urban Fest pretende no solo entretener a quienes asistan al evento con artistas reconocidos de la industria sino que pretende ir m\u00e1s all\u00e1, servir como gu\u00eda e impulso a nuestros j\u00f3venes que quieran emprender el camino de la m\u00fasica urbana con un incentivo como lo es el premio del \u2018Concurso de la Canci\u00f3n\u2019 que, estamos seguros, que motivar\u00e1 a muchos de nuestros chicos y chicas a participar el pr\u00f3ximo s\u00e1bado 4 de octubre.\u201d <\/p>\n<p>Por su parte, la concejala de Juventud, Gleiber Carre\u00f1o, manifiesta la realidad de los j\u00f3venes que quieren abrirse camino en la industria: \u201cSi bien es cierto que cada vez son m\u00e1s los artistas que se abren paso en la industria de la m\u00fasica, somos conscientes que Canarias, al tratarse de un territorio ultraperif\u00e9rico condiciona, en muchas ocasiones, a que nuestros j\u00f3venes puedan aprender y apostar por su talento. A trav\u00e9s de este nuevo festival queremos conseguir eso mismo, acercar la realidad de la industria a nuestra Isla y ofrecerles, por tanto, la posibilidad dar el gran paso de producir una canci\u00f3n junto a un productor de la talla de Guillermo Lupion en Madrid.\u201d <\/p>\n<p>El Festival de la Canci\u00f3n \u2013 Urban Fest apuesta por el talento de la juventud en Fuerteventura consiguiendo no solo hacer disfrutar a los asistentes al encuentro, sino tambi\u00e9n traspasa las fronteras insulares, haciendo del sue\u00f1o de nuestros j\u00f3venes artistas una realidad que se baila al ritmo de una canci\u00f3n.<\/p>\n<p>Inscr\u00edbete en el siguiente enlace: https:\/\/docs.google.com\/forms\/d\/e\/1FAIpQLSf-CmyHH6i3xTzZQW7FFIhDFXlDwrYI5fUYMKhmn9OMKp-AsQ\/viewform<\/p>\n","protected":false},"excerpt":{"rendered":"<p><span>El Consistorio junto con la Direcci\u00f3n General de Juventud del Gobierno de Canarias impulsan un encuentro los pr\u00f3ximos 3 y 4 de octubre para apoyar el talento joven de la Isla con talleres, actuaciones y el concurso de la canci\u00f3n que tendr\u00e1 como premio la oportunidad de producir una canci\u00f3n en Madrid de la mano de Guillermo Lupion, productor de artistas como Quevedo o Maikel de la Calle<\/span><\/p>\n","protected":false},"author":1,"featured_media":11739,"comment_status":"open","ping_status":"open","sticky":false,"template":"","format":"standard","meta":{"inline_featured_image":false,"jnews-multi-image_gallery":[],"jnews_single_post":[],"jnews_primary_category":[],"jnews_social_meta":[],"jnews_override_counter":[],"jnews_post_split":[],"footnotes":""},"categories":[62],"tags":[82],"class_list":["post-11737","post","type-post","status-publish","format-standard","has-post-thumbnail","hentry","category-la-oliva","tag-fuerteventura"],"jetpack_featured_media_url":"https:\/\/informacionlocal.es\/wp-content\/uploads\/2025\/10\/5253_bf4a39e8.png","_links":{"self":[{"href":"https:\/\/informacionlocal.es\/de\/wp-json\/wp\/v2\/posts\/11737","targetHints":{"allow":["GET"]}}],"collection":[{"href":"https:\/\/informacionlocal.es\/de\/wp-json\/wp\/v2\/posts"}],"about":[{"href":"https:\/\/informacionlocal.es\/de\/wp-json\/wp\/v2\/types\/post"}],"author":[{"embeddable":true,"href":"https:\/\/informacionlocal.es\/de\/wp-json\/wp\/v2\/users\/1"}],"replies":[{"embeddable":true,"href":"https:\/\/informacionlocal.es\/de\/wp-json\/wp\/v2\/comments?post=11737"}],"version-history":[{"count":0,"href":"https:\/\/informacionlocal.es\/de\/wp-json\/wp\/v2\/posts\/11737\/revisions"}],"wp:featuredmedia":[{"embeddable":true,"href":"https:\/\/informacionlocal.es\/de\/wp-json\/wp\/v2\/media\/11739"}],"wp:attachment":[{"href":"https:\/\/informacionlocal.es\/de\/wp-json\/wp\/v2\/media?parent=11737"}],"wp:term":[{"taxonomy":"category","embeddable":true,"href":"https:\/\/informacionlocal.es\/de\/wp-json\/wp\/v2\/categories?post=11737"},{"taxonomy":"post_tag","embeddable":true,"href":"https:\/\/informacionlocal.es\/de\/wp-json\/wp\/v2\/tags?post=11737"}],"curies":[{"name":"wp","href":"https:\/\/api.w.org\/{rel}","templated":true}]}}