{"id":11731,"date":"2025-10-01T15:58:50","date_gmt":"2025-10-01T14:58:50","guid":{"rendered":"https:\/\/informacionlocal.es\/el-tractor-agricola-del-cabildo-colabora-con-pajara-y-tuineje-en-preparar-para-el-cultivo-las-gavias-de-cardon\/"},"modified":"2025-10-01T15:58:50","modified_gmt":"2025-10-01T14:58:50","slug":"el-tractor-agricola-del-cabildo-colabora-con-pajara-y-tuineje-en-preparar-para-el-cultivo-las-gavias-de-cardon","status":"publish","type":"post","link":"https:\/\/informacionlocal.es\/de\/el-tractor-agricola-del-cabildo-colabora-con-pajara-y-tuineje-en-preparar-para-el-cultivo-las-gavias-de-cardon\/","title":{"rendered":"El tractor agr\u00edcola del Cabildo colabora con P\u00e1jara y Tuineje en preparar para el cultivo las gavias de Card\u00f3n"},"content":{"rendered":"<div class=\"entry-content\"><strong>1 octubre, 2025<\/strong><\/p>\n<p><strong><em>El trabajo coordinado entre los ayuntamientos y el Cabildo maximiza el<br \/>\nresultado y el empleo de recursos p\u00fablicos<\/em><\/strong><\/p>\n<p>Card\u00f3n, entre los municipios de P\u00e1jara y<br \/>\nTuineje, se convierte estos d\u00edas en un buen ejemplo de colaboraci\u00f3n entre<br \/>\nadministraciones y coordinaci\u00f3n para la maximizaci\u00f3n de los resultados. El<br \/>\ntractor agr\u00edcola de Obras y Maquinaria del Cabildo de Fuerteventura se<br \/>\nencuentra trabajando en gavias de Card\u00f3n con el apoyo de personal y recursos de<br \/>\nlos ayuntamientos de P\u00e1jara y Tuineje. El objetivo: preparar las tierras para<br \/>\nel cultivo.<\/p>\n<p>La presidenta del Cabildo, Lola Garc\u00eda, pone<br \/>\nen valor la colaboraci\u00f3n entre instituciones, en este caso mejorando el paisaje<br \/>\nagr\u00edcola de Fuerteventura, \u201cun tesoro que debemos conservar\u201d. \u00a0Con unos trabajos, prosigue Garc\u00eda, \u201cque ponen<br \/>\na punto un sistema de cultivo tradicional que es fundamental para los agricultores<br \/>\ny agricultoras, facilitando la retenci\u00f3n de nutrientes y tierras f\u00e9rtiles,<br \/>\nadem\u00e1s de formar parte identitaria del paisaje majorero.<\/p>\n<p>Blas Acosta, consejero de Obras y Maquinaria<br \/>\ndel Cabildo, apunta que \u201clos tractores agr\u00edcolas de la Consejer\u00eda de Obras y<br \/>\nMaquinaria del Cabildo est\u00e1n siempre disponibles para apoyar a los agricultores<br \/>\nprofesionales y aficionados en su labor de cuidar la tierra y, con ello, el<br \/>\necosistema y el paisaje de Fuerteventura\u201d. \u201cPocos momentos son tan emotivos<br \/>\npara un majorero como ver florecer y germinar sus gavias\u201d, afirma Blas Acosta,<br \/>\n\u201cun acontecimiento hermoso y esperanzador que est\u00e1 en l\u00ednea con el concepto de<br \/>\nsoberan\u00eda alimentaria, conservaci\u00f3n de los paisajes tradicionales y captaci\u00f3n<br \/>\nde aguas para surtir a los acu\u00edferos\u201d.<\/p>\n<p>En este sentido, los vecinos y vecinas de<br \/>\nCard\u00f3n que han solicitado apoyo para preparar sus gavias de cara a la temporada<br \/>\nde lluvias y al cultivo de sus tierras son testigos estos d\u00edas de la<br \/>\ncoordinaci\u00f3n de recursos humanos y materiales del Cabildo y de los<br \/>\nayuntamientos de P\u00e1jara y Tuineje. <\/p>\n<p>Han comenzado a reparar trastones y preparar<br \/>\nlos terrenos de las gavias de Card\u00f3n para el cultivo. Entre otras acciones, se<br \/>\nprev\u00e9 retirar maleza, limpiar y barbechar gavias o estercolar las zonas de<br \/>\ncultivo para aumentar su fertilidad.<\/p>\n<p>Cabe rese\u00f1ar que la actividad agr\u00edcola y<br \/>\nganadera en Fuerteventura se basa en la tenacidad y constancia de sus vecinos y<br \/>\nvecinas, que a lo largo de la historia han sido capaces de superar las<br \/>\nlimitaciones en el aporte de recursos h\u00eddricos para sacar adelante sus cultivos<br \/>\ny dar de comer a la poblaci\u00f3n. Ahora, los tractores agr\u00edcolas del Cabildo y de<br \/>\nlos ayuntamientos refuerzan este legado y hacen posible que muchas gavias<br \/>\ncontin\u00faen operativas y produzcan alimentos de kil\u00f3metro cero. <\/p>\n<p>Con esta actuaci\u00f3n conjunta del Cabildo y los<br \/>\nayuntamientos de P\u00e1jara y Tuineje en Card\u00f3n se consigue recuperar y adecentar<br \/>\nlas gavias con un triple objetivo: facilitar el cultivo en terrenos f\u00e9rtiles,<br \/>\nreponer los acu\u00edferos y restablecer los paisajes identitarios de Fuerteventura.<\/p>\n<\/div>\n","protected":false},"excerpt":{"rendered":"<p>1 octubre, 2025 El trabajo coordinado entre los ayuntamientos y el Cabildo maximiza el resultado y el empleo de recursos p\u00fablicos Card\u00f3n, entre los municipios de P\u00e1jara y Tuineje, se [&hellip;]<\/p>\n","protected":false},"author":1,"featured_media":11733,"comment_status":"open","ping_status":"open","sticky":false,"template":"","format":"standard","meta":{"inline_featured_image":false,"jnews-multi-image_gallery":[],"jnews_single_post":[],"jnews_primary_category":[],"jnews_social_meta":[],"jnews_override_counter":[],"jnews_post_split":[],"footnotes":""},"categories":[58],"tags":[82,65],"class_list":["post-11731","post","type-post","status-publish","format-standard","has-post-thumbnail","hentry","category-cabildo","tag-fuerteventura","tag-municipios"],"jetpack_featured_media_url":"https:\/\/informacionlocal.es\/wp-content\/uploads\/2025\/10\/1759309982-db43c3cc83e74f0322c0a814f000c91d.jpg","_links":{"self":[{"href":"https:\/\/informacionlocal.es\/de\/wp-json\/wp\/v2\/posts\/11731","targetHints":{"allow":["GET"]}}],"collection":[{"href":"https:\/\/informacionlocal.es\/de\/wp-json\/wp\/v2\/posts"}],"about":[{"href":"https:\/\/informacionlocal.es\/de\/wp-json\/wp\/v2\/types\/post"}],"author":[{"embeddable":true,"href":"https:\/\/informacionlocal.es\/de\/wp-json\/wp\/v2\/users\/1"}],"replies":[{"embeddable":true,"href":"https:\/\/informacionlocal.es\/de\/wp-json\/wp\/v2\/comments?post=11731"}],"version-history":[{"count":0,"href":"https:\/\/informacionlocal.es\/de\/wp-json\/wp\/v2\/posts\/11731\/revisions"}],"wp:featuredmedia":[{"embeddable":true,"href":"https:\/\/informacionlocal.es\/de\/wp-json\/wp\/v2\/media\/11733"}],"wp:attachment":[{"href":"https:\/\/informacionlocal.es\/de\/wp-json\/wp\/v2\/media?parent=11731"}],"wp:term":[{"taxonomy":"category","embeddable":true,"href":"https:\/\/informacionlocal.es\/de\/wp-json\/wp\/v2\/categories?post=11731"},{"taxonomy":"post_tag","embeddable":true,"href":"https:\/\/informacionlocal.es\/de\/wp-json\/wp\/v2\/tags?post=11731"}],"curies":[{"name":"wp","href":"https:\/\/api.w.org\/{rel}","templated":true}]}}