{"id":1171,"date":"2025-04-11T00:53:15","date_gmt":"2025-04-11T00:53:15","guid":{"rendered":"https:\/\/informacionlocal.es\/fuerteventura-ein-europaeisches-beispiel-fuer-digitale-transformation-und-integration-mit-seinem-netz-von-telezentren\/"},"modified":"2025-04-14T09:45:50","modified_gmt":"2025-04-14T09:45:50","slug":"fuerteventura-ein-europaeisches-beispiel-fuer-digitale-transformation-und-integration-mit-seinem-netz-von-telezentren","status":"publish","type":"post","link":"https:\/\/informacionlocal.es\/de\/fuerteventura-ein-europaeisches-beispiel-fuer-digitale-transformation-und-integration-mit-seinem-netz-von-telezentren\/","title":{"rendered":"Fuerteventura, ein europ\u00e4isches Beispiel f\u00fcr digitale Transformation und Integration mit seinem Netz von Telezentren"},"content":{"rendered":"<div class=\"entry-content\"><strong>9 April, 2025<\/strong><\/p>\n<p><strong><em>Das europ\u00e4ische Netzwerk ALL DIGITAL besucht die Insel, um sich \u00fcber ihr Potenzial an Innovation und digitalen Kompetenzen zu informieren<\/em><\/strong><\/p>\n<p>Der Vorstand von ALL DIGITAL, einem f\u00fchrenden europ\u00e4ischen Netzwerk f\u00fcr die Entwicklung digitaler Kompetenzen, hat Fuerteventura vom 2. bis 6. April 2025 einen Besuch abgestattet, um die Beziehungen zu den lokalen Institutionen und Akteuren im Bereich der digitalen Transformation zu st\u00e4rken und M\u00f6glichkeiten der Zusammenarbeit zu erkunden.<\/p>\n<p>Die Stadtr\u00e4tin f\u00fcr neue Technologien, Carmen Alonso, empfing die Mitglieder von ALL DIGITAL und ihren Pr\u00e4sidenten, Altheo Valentini, und er\u00f6ffnete damit neue Wege der Zusammenarbeit zur F\u00f6rderung der Transformation und der digitalen Integration auf Fuerteventura.<\/p>\n<p>Carmen Alonso Saavedra, hob die Bedeutung dieses Besuchs hervor: &#8222;Es ist eine Ehre f\u00fcr Fuerteventura, den Vorstand von ALL DIGITAL zu empfangen. Dieser Besuch ist eine einzigartige Gelegenheit, das Potenzial unserer Insel im Bereich der Innovation und der digitalen Integration zu pr\u00e4sentieren. Wir sind \u00fcberzeugt, dass der Wissensaustausch und die Erkundung m\u00f6glicher Kooperationen mit einem so angesehenen europ\u00e4ischen Netzwerk wie ALL DIGITAL von gro\u00dfem Wert f\u00fcr die technologische und soziale Entwicklung unserer Insel sein werden. &#8222;<\/p>\n<p>Altheo Valentini hob Fuerteventura und sein Netzwerk von &#8222;Semilla&#8220;-Telezentren als ein Beispiel in Europa hervor, was Projekte betrifft, die allen B\u00fcrgern, insbesondere in l\u00e4ndlichen oder abgelegenen Gebieten, digitale F\u00e4higkeiten und Schulungen vermitteln. In diesem Sinne haben sie die M\u00f6glichkeit eines Austauschs mit den Beobachtern des Seed-Netzwerks er\u00f6ffnet, um diese Erfahrung auf andere Gebiete zu \u00fcbertragen. <\/p>\n<p>Mitglieder von ALL DIGITAL besuchten das Telezentrum in Antigua. Bei diesem Treffen konnten sie sich \u00fcber die Funktionsweise des Netzwerks digitaler Kompetenzzentren &#8222;Red Semilla&#8220; und dessen wichtige Arbeit f\u00fcr die digitale Eingliederung der lokalen B\u00fcrger informieren. <\/p>\n<p>Anschlie\u00dfend reiste der Vorstand zum Technologiepark von Fuerteventura, wo er die Einrichtungen und innovativen Projekte, die auf der Insel entwickelt werden, aus erster Hand besichtigen konnte. Dieser Besuch bot eine wertvolle Gelegenheit, m\u00f6gliche Synergien und k\u00fcnftige Kooperationen in Bereichen wie Technologie, Nachhaltigkeit und soziale Innovation zu ermitteln. <\/p>\n<p>Der Tag wurde im Palacio de Formaci\u00f3n y Congresos de Fuerteventura fortgesetzt, wo der Verwaltungsrat am Nachmittag eine interne Arbeitssitzung abhielt. In diesem Zusammenhang war auch der Generaldirektor der Kanarischen Agentur f\u00fcr Forschung, Innovation und Informationsgesellschaft, Javier Franco Hormiga, anwesend und unterstrich das Engagement der Kanarischen Regierung f\u00fcr die digitale Entwicklung der Inseln: &#8222;Von Seiten der Kanarischen Agentur f\u00fcr Forschung, Innovation und Informationsgesellschaft sch\u00e4tzen wir den Besuch des Verwaltungsrats von ALL DIGITAL auf Fuerteventura sehr. Ihr Interesse daran, lokale Initiativen kennenzulernen und M\u00f6glichkeiten der Zusammenarbeit auszuloten, ist eine hervorragende Nachricht f\u00fcr die digitale Zukunft der Kanarischen Inseln. Wir sind davon \u00fcberzeugt, dass wir durch die Zusammenarbeit mit renommierten europ\u00e4ischen Netzwerken wie ALL DIGITAL die digitalen F\u00e4higkeiten unserer B\u00fcrgerinnen und B\u00fcrger weiter verbessern und unser Innovations-\u00d6kosystem im Einklang mit unserer Digitalen Agenda f\u00fcr die Kanarischen Inseln, die auf Kompetenzen, Wettbewerbsf\u00e4higkeit und Konnektivit\u00e4t basiert, st\u00e4rken k\u00f6nnen.   <\/p>\n<p>ALL DIGITAL mit Sitz in Br\u00fcssel vertritt mehr als 110 Mitgliedsorganisationen in 29 europ\u00e4ischen L\u00e4ndern, die sich f\u00fcr die Verbesserung der digitalen Kompetenzen der B\u00fcrger einsetzen. \u00dcber sein Netzwerk bietet es j\u00e4hrlich mehr als 2,3 Millionen Menschen digitale Schulungen und Unterst\u00fctzung an, wobei ein besonderer Schwerpunkt auf benachteiligten Gruppen liegt. Der Besuch auf Fuerteventura unterstreicht das Engagement von ALL DIGITAL f\u00fcr die territoriale Zusammenarbeit und die F\u00f6rderung der digitalen Integration in allen Regionen Europas.  <\/p>\n<p>Die Delegation des ALL DIGITAL-Vorstands bestand aus: Altheo Valentini (Vorsitzender), \u017darko \u010ci\u017emar, Veronique de Leener, Achilles Kameas, Katrin Schuberth, Iva Walterova, Guillem Porres Canals, sowie David Mekkaoui, Executive Director &#8211; CEO, und Peter Palvolgyi, Chief Operating Officer &#8211; COO.<\/p>\n<p><strong>\u00dcber ALL DIGITAL:<\/strong><\/p>\n<p>ALL DIGITAL ist eine in Br\u00fcssel ans\u00e4ssige gemeinn\u00fctzige Organisation, die sich auf europ\u00e4ischer Ebene f\u00fcr die Verbesserung der digitalen Kompetenzen der B\u00fcrger einsetzt. Das 2010 gegr\u00fcndete Netzwerk verbindet und unterst\u00fctzt Zentren f\u00fcr digitale Kompetenzen, Universit\u00e4ten, Nichtregierungsorganisationen und andere Organisationen, um die soziale Integration durch Technologie zu f\u00f6rdern. ALL DIGITAL entwickelt europ\u00e4ische Projekte, bietet Schulungen zu digitalen Kompetenzen an, arbeitet an integrativen digitalen Strategien und erleichtert die Zusammenarbeit zwischen seinen Mitgliedern.  <\/p>\n<\/div>\n","protected":false},"excerpt":{"rendered":"<p><em>Das europ\u00e4ische Netzwerk ALL DIGITAL besucht die Insel, um sich \u00fcber ihr Potenzial an Innovation und digitalen Kompetenzen zu informieren<\/em><\/p>\n","protected":false},"author":1,"featured_media":762,"comment_status":"open","ping_status":"open","sticky":false,"template":"","format":"standard","meta":{"inline_featured_image":false,"jnews-multi-image_gallery":[],"jnews_single_post":[],"jnews_primary_category":[],"jnews_social_meta":[],"jnews_override_counter":[],"jnews_post_split":[],"footnotes":""},"categories":[287],"tags":[215,216,266,213,217],"class_list":["post-1171","post","type-post","status-publish","format-standard","has-post-thumbnail","hentry","category-cabildo-de","tag-beschaftigung-und-ausbildung","tag-fuerteventura-de","tag-innovation","tag-integration-de","tag-kultur-und-freizeit"],"jetpack_featured_media_url":"https:\/\/informacionlocal.es\/wp-content\/uploads\/2025\/04\/frer.jpeg","_links":{"self":[{"href":"https:\/\/informacionlocal.es\/de\/wp-json\/wp\/v2\/posts\/1171","targetHints":{"allow":["GET"]}}],"collection":[{"href":"https:\/\/informacionlocal.es\/de\/wp-json\/wp\/v2\/posts"}],"about":[{"href":"https:\/\/informacionlocal.es\/de\/wp-json\/wp\/v2\/types\/post"}],"author":[{"embeddable":true,"href":"https:\/\/informacionlocal.es\/de\/wp-json\/wp\/v2\/users\/1"}],"replies":[{"embeddable":true,"href":"https:\/\/informacionlocal.es\/de\/wp-json\/wp\/v2\/comments?post=1171"}],"version-history":[{"count":1,"href":"https:\/\/informacionlocal.es\/de\/wp-json\/wp\/v2\/posts\/1171\/revisions"}],"predecessor-version":[{"id":1466,"href":"https:\/\/informacionlocal.es\/de\/wp-json\/wp\/v2\/posts\/1171\/revisions\/1466"}],"wp:featuredmedia":[{"embeddable":true,"href":"https:\/\/informacionlocal.es\/de\/wp-json\/wp\/v2\/media\/762"}],"wp:attachment":[{"href":"https:\/\/informacionlocal.es\/de\/wp-json\/wp\/v2\/media?parent=1171"}],"wp:term":[{"taxonomy":"category","embeddable":true,"href":"https:\/\/informacionlocal.es\/de\/wp-json\/wp\/v2\/categories?post=1171"},{"taxonomy":"post_tag","embeddable":true,"href":"https:\/\/informacionlocal.es\/de\/wp-json\/wp\/v2\/tags?post=1171"}],"curies":[{"name":"wp","href":"https:\/\/api.w.org\/{rel}","templated":true}]}}