{"id":11709,"date":"2025-10-01T12:59:02","date_gmt":"2025-10-01T11:59:02","guid":{"rendered":"https:\/\/informacionlocal.es\/el-cabildo-lanza-una-nueva-edicion-de-los-desayunos-tecnologicos-enfocado-en-el-marketing-digital-y-las-redes-sociales\/"},"modified":"2025-10-01T12:59:02","modified_gmt":"2025-10-01T11:59:02","slug":"el-cabildo-lanza-una-nueva-edicion-de-los-desayunos-tecnologicos-enfocado-en-el-marketing-digital-y-las-redes-sociales","status":"publish","type":"post","link":"https:\/\/informacionlocal.es\/de\/el-cabildo-lanza-una-nueva-edicion-de-los-desayunos-tecnologicos-enfocado-en-el-marketing-digital-y-las-redes-sociales\/","title":{"rendered":"El Cabildo lanza una nueva edici\u00f3n de los Desayunos Tecnol\u00f3gicos enfocado en el marketing digital y las redes sociales"},"content":{"rendered":"<div class=\"entry-content\"><strong>1 octubre, 2025<\/strong><\/p>\n<p><strong><em>El evento se desarrollar\u00e1 el jueves 9 de octubre en el Palacio de<br \/>\nFormaci\u00f3n y Congresos de Fuerteventura y contar\u00e1 con la participaci\u00f3n <\/em><\/strong><strong><em>de expertos en<br \/>\nmarketing y redes sociales<\/em><\/strong><\/p>\n<p>El Cabildo de Fuerteventura, a trav\u00e9s de la Consejer\u00eda de Nuevas<br \/>\nTecnolog\u00edas que dirige Carmen Alonso, lleva a cabo un nuevo Desayuno<br \/>\nTecnol\u00f3gico d\u00f3nde se abordar\u00e1n temas sobre c\u00f3mo utilizar el marketing digital y<br \/>\nlas redes sociales de forma eficaz para atraer clientes, mejorar la visibilidad<br \/>\nonline y aumentar la facturaci\u00f3n. El evento est\u00e1 especialmente<br \/>\ndirigido a empresas y comercios locales, personas emprendedoras, estudiantes,<br \/>\nasociaciones y profesionales y cualquier persona interesada en c\u00f3mo la<br \/>\ntecnolog\u00eda puede ayudarle a crecer.<\/p>\n<p>El acto es completamente gratuito y se celebrar\u00e1 el pr\u00f3ximo<br \/>\nmi\u00e9rcoles 9 de octubre, de 9.30 a 11.00 horas, en el Palacio de Formaci\u00f3n y<br \/>\nCongresos de Fuerteventura bajo el lema \u2018Marketing Digital y Redes Sociales<br \/>\npara Posicionar tu Negocio y Hacerlo Crecer\u2019.<\/p>\n<p>El objetivo de este encuentro es brindar herramientas pr\u00e1cticas<br \/>\npara que empresas, comercios y profesionales puedan dar un paso adelante en su<br \/>\ntransformaci\u00f3n digital.<\/p>\n<p>Entre los ponentes, destaca la intervenci\u00f3n de Kevin Nanwani,<br \/>\nfundador de la consultora KALYZ, especializada en estrategias de<br \/>\nposicionamiento digital, que abrir\u00e1 la jornada con una charla titulada \u201c\u00a1No es<br \/>\nmagia, es marketing!\u201d. Tambi\u00e9n estar\u00e1 presente Soledad Orozco, CEO de la<br \/>\nagencia creativa LANSTRUM de Tenerife, quien abordar\u00e1 \u201cEl poder m\u00e1gico de las<br \/>\nredes sociales para conseguir clientes\u201d, y Ricardo, director de la agencia<br \/>\nmajorera PITAYA, que centrar\u00e1 su intervenci\u00f3n en el impacto del dise\u00f1o visual<br \/>\nen la comunicaci\u00f3n digital.<\/p>\n<p>El evento tambi\u00e9n incluir\u00e1 la exposici\u00f3n de casos de \u00e9xito locales,<br \/>\ncomo el de la plataforma Corralejo.info, presentada por Chantal Montaldo, y el<br \/>\nproyecto FUERTESEO, liderado por el especialista en posicionamiento web David<br \/>\nGonz\u00e1lez Mej\u00edas.<\/p>\n<p>Tras las ponencias, se abrir\u00e1 un espacio de di\u00e1logo y preguntas,<br \/>\nseguido de un caf\u00e9 networking donde los asistentes podr\u00e1n compartir<br \/>\nimpresiones, resolver dudas y establecer conexiones.<\/p>\n<\/div>\n","protected":false},"excerpt":{"rendered":"<p>1 octubre, 2025 El evento se desarrollar\u00e1 el jueves 9 de octubre en el Palacio de Formaci\u00f3n y Congresos de Fuerteventura y contar\u00e1 con la participaci\u00f3n de expertos en marketing [&hellip;]<\/p>\n","protected":false},"author":1,"featured_media":11711,"comment_status":"open","ping_status":"open","sticky":false,"template":"","format":"standard","meta":{"inline_featured_image":false,"jnews-multi-image_gallery":[],"jnews_single_post":[],"jnews_primary_category":[],"jnews_social_meta":[],"jnews_override_counter":[],"jnews_post_split":[],"footnotes":""},"categories":[58],"tags":[82],"class_list":["post-11709","post","type-post","status-publish","format-standard","has-post-thumbnail","hentry","category-cabildo","tag-fuerteventura"],"jetpack_featured_media_url":"https:\/\/informacionlocal.es\/wp-content\/uploads\/2025\/10\/1759318248-b5759ec63b386d9585b14fcf833c30c3.jpg","_links":{"self":[{"href":"https:\/\/informacionlocal.es\/de\/wp-json\/wp\/v2\/posts\/11709","targetHints":{"allow":["GET"]}}],"collection":[{"href":"https:\/\/informacionlocal.es\/de\/wp-json\/wp\/v2\/posts"}],"about":[{"href":"https:\/\/informacionlocal.es\/de\/wp-json\/wp\/v2\/types\/post"}],"author":[{"embeddable":true,"href":"https:\/\/informacionlocal.es\/de\/wp-json\/wp\/v2\/users\/1"}],"replies":[{"embeddable":true,"href":"https:\/\/informacionlocal.es\/de\/wp-json\/wp\/v2\/comments?post=11709"}],"version-history":[{"count":0,"href":"https:\/\/informacionlocal.es\/de\/wp-json\/wp\/v2\/posts\/11709\/revisions"}],"wp:featuredmedia":[{"embeddable":true,"href":"https:\/\/informacionlocal.es\/de\/wp-json\/wp\/v2\/media\/11711"}],"wp:attachment":[{"href":"https:\/\/informacionlocal.es\/de\/wp-json\/wp\/v2\/media?parent=11709"}],"wp:term":[{"taxonomy":"category","embeddable":true,"href":"https:\/\/informacionlocal.es\/de\/wp-json\/wp\/v2\/categories?post=11709"},{"taxonomy":"post_tag","embeddable":true,"href":"https:\/\/informacionlocal.es\/de\/wp-json\/wp\/v2\/tags?post=11709"}],"curies":[{"name":"wp","href":"https:\/\/api.w.org\/{rel}","templated":true}]}}