{"id":11651,"date":"2025-10-01T12:01:21","date_gmt":"2025-10-01T11:01:21","guid":{"rendered":"https:\/\/informacionlocal.es\/baloncesto-de-nivel-y-mucha-diversion-en-las-24-horas-de-baloncesto-42o-memorial-ramon-castaneyra-gongora\/"},"modified":"2025-10-01T12:01:21","modified_gmt":"2025-10-01T11:01:21","slug":"baloncesto-de-nivel-y-mucha-diversion-en-las-24-horas-de-baloncesto-42o-memorial-ramon-castaneyra-gongora","status":"publish","type":"post","link":"https:\/\/informacionlocal.es\/de\/baloncesto-de-nivel-y-mucha-diversion-en-las-24-horas-de-baloncesto-42o-memorial-ramon-castaneyra-gongora\/","title":{"rendered":"Baloncesto de nivel y mucha diversi\u00f3n en las 24 Horas de Baloncesto, 42\u00ba Memorial Ram\u00f3n Casta\u00f1eyra G\u00f3ngora"},"content":{"rendered":"<div class=\"entry-content\">\n<p><span><b>Gradas repletas en el Oasis para disfrutar de una vez m\u00e1s de la fiesta del basket majorero, en que Maccabi de Levantar revalida su primer t\u00edtulo frente a Los Muyayos, y Brigada arrebata el trofeo femenino a Recess, las anteriores campeonas<br \/><\/b><\/span><br \/><span>\u00a0<\/span><span>En Puerto del Rosario, a 1 de octubre de 2025.- El Grupo de Recreaci\u00f3n Deportiva MERACAS organiz\u00f3 del jueves 25 al domingo 28 de septiembre el 42\u00ba Memorial Ram\u00f3n Casta\u00f1eyra G\u00f3ngora en el Pabell\u00f3n Oasis de Puerto del Rosario, con el respaldo del Ayuntamiento de Puerto del Rosario.<\/span><br \/><span>\u00a0<\/span><br \/><span>El evento congreg\u00f3 a 51 equipos en cerca de 40 horas de juego, 29 de ellas ininterrumpidas, y con participantes de todas las edades, desde benjamines hasta veteranos.<\/span><\/p>\n<p><span>En las finales s\u00e9nior, \u2018Brigada\u2019 arrebat\u00f3 el torneo a las anteriores campeonas, Recess, en la competici\u00f3n femenina (26-33). Y en la masculina, Maccabi de Levantar revalid\u00f3 su t\u00edtulo con un equipo reforzado en una final disputada frente a Los Muyayos (51-41), que con una plantilla muy corta, fueron capaces de superar a varios favoritos para plantarse en la final con un enorme esfuerzo.<\/span><\/p>\n<p><span>Pasada la medianoche del s\u00e1bado, se celebr\u00f3 un encuentro cl\u00e1sico entre dos hist\u00f3ricos del torneo, excampeones como Cecilio Grandes Playas y Pabepl\u00e1stika se enfrentaron en un amistoso de altura que finaliz\u00f3 en empate (27 \u2013 27).<\/span><\/p>\n<p><img loading=\"lazy\" decoding=\"async\" loading=\"lazy\" class=\"size-large wp-image-157195 aligncenter\" src=\"https:\/\/informacionlocal.es\/wp-content\/uploads\/2025\/10\/24-horas-baloncesto-1-1024x682-1.jpeg\" width=\"1024\" height=\"682\" title=\"24-horas-baloncesto-1-1024x682-1\"><\/p>\n<p><span>En categor\u00eda Infantil Masculina, los River Platos se impusieron en un triangular a Los \u00daltimos Ser\u00e1n los Primeros y CDT, mientras que en cadete masculino, venci\u00f3 AirballBro sobre Camarones CB. En cadete femenino, Las Clipper recibieron un merecido trofeo, pues siendo las \u00fanicas inscritas en su categor\u00eda, hicieron un gran papel en la competici\u00f3n s\u00e9nior. <\/span><\/p>\n<p><span>El Concurso de Triples \u00abPremio Javi Calero\u00bb coron\u00f3 a H\u00e9ctor, de UD Torotostos, con siete aciertos. El galard\u00f3n a la mejor performance, \u00abPremio Andr\u00e9s Valer\u00f3n\u00bb, fue para La \u00daltima Cena, las mismas vencedoras del a\u00f1o anterior con un nuevo nombre.<\/span><\/p>\n<div id=\"gallery-1\" class=\"gallery galleryid-157173 gallery-columns-3 gallery-size-full\">\n<dl class=\"gallery-item\">\n<dt class=\"gallery-icon landscape\"><img loading=\"lazy\" decoding=\"async\" width=\"1600\" height=\"1066\" src=\"https:\/\/informacionlocal.es\/wp-content\/uploads\/2025\/10\/24-horas-baloncesto-5.jpeg\" class=\"attachment-full size-full\" loading=\"lazy\" title=\"24-horas-baloncesto-5\"><\/dt>\n<\/dl>\n<dl class=\"gallery-item\">\n<dt class=\"gallery-icon landscape\"><img loading=\"lazy\" decoding=\"async\" width=\"1600\" height=\"1066\" src=\"https:\/\/informacionlocal.es\/wp-content\/uploads\/2025\/10\/performance.jpeg\" class=\"attachment-full size-full\" loading=\"lazy\" title=\"performance\"><\/dt>\n<\/dl>\n<dl class=\"gallery-item\">\n<dt class=\"gallery-icon landscape\"><img loading=\"lazy\" decoding=\"async\" width=\"1600\" height=\"1066\" src=\"https:\/\/informacionlocal.es\/wp-content\/uploads\/2025\/10\/24-horas-baloncesto-6.jpeg\" class=\"attachment-full size-full\" loading=\"lazy\" title=\"24-horas-baloncesto-6\"><\/dt>\n<\/dl>\n<p><\/p>\n<dl class=\"gallery-item\">\n<dt class=\"gallery-icon landscape\"><img loading=\"lazy\" decoding=\"async\" width=\"1600\" height=\"1066\" src=\"https:\/\/informacionlocal.es\/wp-content\/uploads\/2025\/10\/24-horas-baloncesto-7.jpeg\" class=\"attachment-full size-full\" loading=\"lazy\" title=\"24-horas-baloncesto-7\"><\/dt>\n<\/dl>\n<dl class=\"gallery-item\">\n<dt class=\"gallery-icon landscape\"><img loading=\"lazy\" decoding=\"async\" width=\"1600\" height=\"1066\" src=\"https:\/\/informacionlocal.es\/wp-content\/uploads\/2025\/10\/24-horas-baloncesto-8.jpeg\" class=\"attachment-full size-full\" loading=\"lazy\" title=\"24-horas-baloncesto-8\"><\/dt>\n<\/dl>\n<dl class=\"gallery-item\">\n<dt class=\"gallery-icon landscape\"><img loading=\"lazy\" decoding=\"async\" width=\"1600\" height=\"1066\" src=\"https:\/\/informacionlocal.es\/wp-content\/uploads\/2025\/10\/cadete-femenino.jpeg\" class=\"attachment-full size-full\" loading=\"lazy\" title=\"cadete-femenino\"><\/dt>\n<\/dl>\n<p><\/div>\n<p><strong><span><br \/>\nRESULTADOS<\/span><\/strong><\/p>\n<p><span>Senior Masculino<\/span><\/p>\n<p><span>1\u00ba Maccabi de Levantar\u00a0<\/span><\/p>\n<p><span>2\u00ba Los Muyayos<\/span><\/p>\n<p><span>Senior Femenino<\/span><\/p>\n<p><span>1\u00ba Brigada<\/span><\/p>\n<p><span>2\u00ba Recess<\/span><\/p>\n<p><span>Cadete Masculino<\/span><\/p>\n<p><span>1\u00ba Airball Bro<\/span><\/p>\n<p><span>2\u00ba Camarones CB<\/span><br \/><span>\u00a0<\/span><br \/><span>Cadete Femenino<\/span><\/p>\n<p><span>1\u00ba Las Clipper<\/span><\/p>\n<p><span>Infantil Masculino<\/span><\/p>\n<p><span>1\u00ba River Platos<\/span><\/p>\n<p><span>2\u00ba Los \u00daltimos SLP<\/span><\/p>\n<p><span>3\u00ba CDT<\/span><\/p>\n<p><span>Infantil Femenino<\/span><\/p>\n<p><span>1\u00ba PawPatrol A<\/span><\/p>\n<p><span>2\u00ba PawPatrolB<\/span><\/p>\n<p><span>\u00a0<\/span><span>Concurso de Triples \u00abPremio Javi Calero\u00bb<\/span><br \/><span>Campe\u00f3n: H\u00e9ctor (UD Torotostos), con 7 triples<\/span><\/p>\n<p><span>Mejor Performance \u00abPremio Andr\u00e9s Valer\u00f3n\u00bb<\/span><br \/><span>La \u00daltima Cena<\/span><\/p>\n<p><strong><span>ENTREGA DE PREMIOS <\/span><\/strong><br \/><span>El alcalde de Puerto del Rosario, David de Vera, inaugur\u00f3 la cita con el salto de honor el jueves 25, mientras que los concejales de Deportes, Luis Chac\u00f3n; de Festejos, Tacoremi Guti\u00e9rrez; y de Personal y Contrataci\u00f3n, Mar\u00eda Franco, clausuraron el domingo la entrega de trofeos junto a representantes de MERACAS.<\/span><\/p>\n<p><span>El alcalde, David de Vera, destac\u00f3 que \u00abhablar del Memorial Ram\u00f3n Casta\u00f1eyra es hablar de la historia deportiva y social de Puerto del Rosario. Cada edici\u00f3n demuestra que el baloncesto, m\u00e1s all\u00e1 de la competici\u00f3n, es convivencia, memoria y comunidad. Es un orgullo ver a tantas generaciones compartiendo pista y gradas en este homenaje tan especial\u00bb.<\/span><\/p>\n<p><span>Por su parte, el concejal de Deportes, Luis Chac\u00f3n, se\u00f1al\u00f3 que \u00abeste evento es \u00fanico en Fuerteventura. Aqu\u00ed el deporte se vive durante casi dos d\u00edas sin pausa, con un ambiente familiar y cercano que lo hace irrepetible. Queremos seguir apoyando a MERACAS para que las futuras generaciones encuentren en este torneo un espacio donde crecer y disfrutar del baloncesto\u00bb.<\/span><\/p>\n<p><span>La concejala de Festejos, Tacoremi Guti\u00e9rrez, a\u00f1adi\u00f3 que \u00abintegrar el Memorial en el marco de las Fiestas del Rosario nos permite unir tradici\u00f3n, cultura y deporte. El pabell\u00f3n Oasis se convierte durante este fin de semana en un lugar de encuentro para toda la ciudadan\u00eda, y eso es algo que valoramos enormemente\u00bb.<\/span><\/p>\n<p><span>Finalmente, la concejala de Personal y Contrataci\u00f3n, Mar\u00eda Franco, subray\u00f3 el esfuerzo colectivo, \u00abdetr\u00e1s de cada edici\u00f3n hay muchas manos trabajando, desde voluntarios hasta \u00e1rbitros, anotadores y colaboradores. El Memorial es un ejemplo de c\u00f3mo el tejido social y el Ayuntamiento pueden caminar juntos para mantener viva una tradici\u00f3n que ya supera los cuarenta a\u00f1os\u00bb.<\/span><\/p>\n<p><img loading=\"lazy\" decoding=\"async\" loading=\"lazy\" class=\"size-large wp-image-157194 aligncenter\" src=\"https:\/\/informacionlocal.es\/wp-content\/uploads\/2025\/10\/final-senior-femenina-1024x682-1.jpeg\" width=\"1024\" height=\"682\" title=\"final-senior-femenina-1024x682-1\"><\/p>\n<p><img loading=\"lazy\" decoding=\"async\" loading=\"lazy\" class=\"size-large wp-image-157193 aligncenter\" src=\"https:\/\/informacionlocal.es\/wp-content\/uploads\/2025\/10\/campeon-masculino-1024x682-1.jpeg\" width=\"1024\" height=\"682\" title=\"campeon-masculino-1024x682-1\"><\/p>\n<p><img loading=\"lazy\" decoding=\"async\" loading=\"lazy\" class=\"size-large wp-image-157192 aligncenter\" src=\"https:\/\/informacionlocal.es\/wp-content\/uploads\/2025\/10\/subcampeon-masculino-1024x708-1.jpeg\" width=\"1024\" height=\"708\" title=\"subcampeon-masculino-1024x708-1\"><\/p>\n<p><img loading=\"lazy\" decoding=\"async\" loading=\"lazy\" class=\"size-large wp-image-157191 aligncenter\" src=\"https:\/\/informacionlocal.es\/wp-content\/uploads\/2025\/10\/24-horas-baloncesto-2-1024x682-1.jpeg\" width=\"1024\" height=\"682\" title=\"24-horas-baloncesto-2-1024x682-1\"><\/p>\n<p><img loading=\"lazy\" decoding=\"async\" loading=\"lazy\" class=\"size-large wp-image-157190 aligncenter\" src=\"https:\/\/informacionlocal.es\/wp-content\/uploads\/2025\/10\/24-horas-baloncesto-3-1024x682-1.jpeg\" width=\"1024\" height=\"682\" title=\"24-horas-baloncesto-3-1024x682-1\"><\/p>\n<p><img loading=\"lazy\" decoding=\"async\" loading=\"lazy\" class=\"size-large wp-image-157189 aligncenter\" src=\"https:\/\/informacionlocal.es\/wp-content\/uploads\/2025\/10\/24-horas-baloncesto-4-1024x682-1.jpeg\" width=\"1024\" height=\"682\" title=\"24-horas-baloncesto-4-1024x682-1\"><br \/><strong><span>Valoraci\u00f3n y agradecimientos<\/span><\/strong><br \/><span>La organizaci\u00f3n agradeci\u00f3 especialmente la colaboraci\u00f3n del Ayuntamiento, desde la propia invitaci\u00f3n para abrir las Fiestas de Rosario como pregoneros el domingo anterior, as\u00ed como por la cesi\u00f3n del pabell\u00f3n Oasis y el apoyo financiero que \u00abnos permite seguir mejorando el evento en cada nueva edici\u00f3n\u00bb, trasladaron desde GRD MERACAS.<\/span><\/p>\n<p><span>El Grupo de Recreaci\u00f3n Deportiva tambi\u00e9n quiso destacar la colaboraci\u00f3n desinteresada de todos los \u00e1rbitros y anotadores, oficiales y aficionados, que hacen posible el desarrollo del torneo durante cerca de 40 horas, as\u00ed como de entidades privadas como Panader\u00eda Pulido Alonso, y los farmac\u00e9uticos Bruno M\u00e1rquez Rodr\u00edguez y Olga Hortensia M\u00e1rquez Felipe.<\/span><\/p>\n<p><strong><span>Baloncesto de Base <\/span><\/strong><br \/><span>Este evento apuesta tambi\u00e9n por las categor\u00edas en formaci\u00f3n, con un encuentro abierto en la ma\u00f1ana del s\u00e1bado. Unos 70 ni\u00f1os y ni\u00f1as de categor\u00edas benjam\u00edn y minibasket se dieron cita en este encuentro de base, que cont\u00f3 con la colaboraci\u00f3n de clubes de la capital como Tamobasket y Amuley, a quienes la organizaci\u00f3n de este memorial agradece su implicaci\u00f3n, as\u00ed como de participantes que se acercaron a aprender baloncesto por primera vez.<\/span><\/p>\n<p><span><strong>Memorial Ram\u00f3n Casta\u00f1eyra G\u00f3ngora, m\u00e1s de 40 a\u00f1os de historia<\/strong> \u00a0<\/span><br \/><span>El Memorial Ram\u00f3n Casta\u00f1eyra G\u00f3ngora es un evento de inter\u00e9s social, l\u00fadico y festivo, que se desarrolla en el marco de las Fiestas del Rosario en torno a la pr\u00e1ctica del baloncesto, desde 1984. En el apartado de la pr\u00e1ctica deportiva, se trata de un evento no oficial, y aunque est\u00e1 basado en el baloncesto, cuenta con normas propias y distintas a las federativas.<\/span><\/p>\n<p><span>El Memorial Ram\u00f3n Casta\u00f1eyra G\u00f3ngora adopt\u00f3 este nombre en 1984, en la segunda edici\u00f3n de las 24 Horas de Baloncesto. El mismo grupo encargado de la organizaci\u00f3n del primer torneo en 1983, j\u00f3venes majoreros vinculados al mundo del baloncesto, decidieron constituir el Colectivo MERACAS (Memorial Ram\u00f3n Casta\u00f1eyra) para dar continuidad al evento y recordar con \u00e9l, cada \u00faltimo fin de semana de septiembre, al compa\u00f1ero desaparecido.<\/span><\/p>\n<p><span>Superados los cuarenta a\u00f1os, el evento sigue adelante con el apoyo de este mismo grupo, y con la incorporaci\u00f3n de una segunda generaci\u00f3n que trata de dar continuidad al memorial. <\/span><\/p>\n<p><span>Una vez al a\u00f1o, los familiares y amigos de Ram\u00f3n, junto a todas las personas que se suman cada a\u00f1o a la organizaci\u00f3n, se re\u00fanen en su recuerdo, pero sobre todo para celebrar la gran fiesta del baloncesto en Fuerteventura, para impulsar la pr\u00e1ctica de este deporte, y para ofrecer a todos los participantes un espacio de encuentro y diversi\u00f3n dentro de las Fiestas del Rosario.<\/span><\/p>\n<\/div>\n","protected":false},"excerpt":{"rendered":"<p>Gradas repletas en el Oasis para disfrutar de una vez m\u00e1s de la fiesta del basket majorero, en que Maccabi de Levantar revalida su primer t\u00edtulo frente a Los Muyayos, [&hellip;]<\/p>\n","protected":false},"author":1,"featured_media":11653,"comment_status":"open","ping_status":"open","sticky":false,"template":"","format":"standard","meta":{"inline_featured_image":false,"jnews-multi-image_gallery":[],"jnews_single_post":[],"jnews_primary_category":[],"jnews_social_meta":[],"jnews_override_counter":[],"jnews_post_split":[],"footnotes":""},"categories":[61],"tags":[82],"class_list":["post-11651","post","type-post","status-publish","format-standard","has-post-thumbnail","hentry","category-puerto-del-rosario","tag-fuerteventura"],"jetpack_featured_media_url":"https:\/\/informacionlocal.es\/wp-content\/uploads\/2025\/10\/portada-24-horas.png","_links":{"self":[{"href":"https:\/\/informacionlocal.es\/de\/wp-json\/wp\/v2\/posts\/11651","targetHints":{"allow":["GET"]}}],"collection":[{"href":"https:\/\/informacionlocal.es\/de\/wp-json\/wp\/v2\/posts"}],"about":[{"href":"https:\/\/informacionlocal.es\/de\/wp-json\/wp\/v2\/types\/post"}],"author":[{"embeddable":true,"href":"https:\/\/informacionlocal.es\/de\/wp-json\/wp\/v2\/users\/1"}],"replies":[{"embeddable":true,"href":"https:\/\/informacionlocal.es\/de\/wp-json\/wp\/v2\/comments?post=11651"}],"version-history":[{"count":0,"href":"https:\/\/informacionlocal.es\/de\/wp-json\/wp\/v2\/posts\/11651\/revisions"}],"wp:featuredmedia":[{"embeddable":true,"href":"https:\/\/informacionlocal.es\/de\/wp-json\/wp\/v2\/media\/11653"}],"wp:attachment":[{"href":"https:\/\/informacionlocal.es\/de\/wp-json\/wp\/v2\/media?parent=11651"}],"wp:term":[{"taxonomy":"category","embeddable":true,"href":"https:\/\/informacionlocal.es\/de\/wp-json\/wp\/v2\/categories?post=11651"},{"taxonomy":"post_tag","embeddable":true,"href":"https:\/\/informacionlocal.es\/de\/wp-json\/wp\/v2\/tags?post=11651"}],"curies":[{"name":"wp","href":"https:\/\/api.w.org\/{rel}","templated":true}]}}