{"id":11571,"date":"2025-09-29T15:58:33","date_gmt":"2025-09-29T14:58:33","guid":{"rendered":"https:\/\/informacionlocal.es\/el-ayuntamiento-de-la-oliva-continua-con-su-compromiso-en-materia-de-vivienda-con-la-rehabilitacion-de-138-casas-de-el-cotillo\/"},"modified":"2025-09-29T15:58:33","modified_gmt":"2025-09-29T14:58:33","slug":"el-ayuntamiento-de-la-oliva-continua-con-su-compromiso-en-materia-de-vivienda-con-la-rehabilitacion-de-138-casas-de-el-cotillo","status":"publish","type":"post","link":"https:\/\/informacionlocal.es\/de\/el-ayuntamiento-de-la-oliva-continua-con-su-compromiso-en-materia-de-vivienda-con-la-rehabilitacion-de-138-casas-de-el-cotillo\/","title":{"rendered":"El Ayuntamiento de La Oliva continua con su compromiso en materia de vivienda con la rehabilitaci\u00f3n de 138 casas de El Cotillo"},"content":{"rendered":"<p>Contin\u00faan los avances en materia de vivienda en el territorio municipal de La Oliva. Tras la apuesta por la rehabilitaci\u00f3n del Casco Viejo de Corralejo, el Ayuntamiento de La Oliva anuncia la transformaci\u00f3n de El Cotillo con un presupuesto total de 4,1 millones de euros para la remodelaci\u00f3n del n\u00facleo de El Cotillo. As\u00ed pues, un total de 138 viviendas ser\u00e1n las que se acojan al Programa de Actuaciones a Nivel de Barrio (ERRP), a trav\u00e9s del trabajo conjunto de Ayuntamiento de La Oliva, Cabildo Insular de Fuerteventura y Ministerio de Vivienda y Agenda Urbana. <\/p>\n<p>Entre las mejoras destacan la rehabilitaci\u00f3n de fachadas y cubiertas, resolviendo problemas de filtraciones y humedad, la sustituci\u00f3n de carpinter\u00edas exteriores por soluciones m\u00e1s eficientes energ\u00e9ticamente, la renovaci\u00f3n de instalaciones de saneamiento, fontaner\u00eda y electricidad, la mejora de la accesibilidad, as\u00ed como la incorporaci\u00f3n de energ\u00edas renovables en instalaciones t\u00e9rmicas para la reducci\u00f3n del consumo y el impacto ambiental. <\/p>\n<p>Al igual que la actuaci\u00f3n realizada en Corralejo, la rehabilitaci\u00f3n de las viviendas en El Cotillo ser\u00e1 de coste 0 para los propietarios. En este sentido, la financiaci\u00f3n ser\u00e1 de m\u00e1s de 1,2 millones de euros tanto por parte de Ayuntamiento como del Cabildo Insular, siendo los 1,8 millones restantes a cargo del Estado. <\/p>\n<p>El alcalde de La Oliva, Isa\u00ed Blanco, resalta el fin \u00faltimo de ambas actuaciones: \u201cA trav\u00e9s de la rehabilitaci\u00f3n del Casco Viejo de Corralejo y el n\u00facleo de El Cotillo damos un paso adelante en materia de vivienda en el municipio. Con ello, mejoramos no solo la calidad de vida de nuestros vecinos y vecinas, en favor de unas condiciones m\u00e1s accesibles, sostenibles y respetuosas con el entorno, sino que tambi\u00e9n nos encargamos de remodelar las edificaciones existentes antes de realizar unas nuevas.\u201d <\/p>\n<p>A su vez, el concejal de Hacienda y Recaudaci\u00f3n, Juan Jos\u00e9 Rodr\u00edguez, explica: \u201cContinuamos con las reuniones de los ERRP para explicar a los vecinos y vecinas de ambos pueblos en qu\u00e9 consistir\u00e1 la actuaci\u00f3n de mejora de sus viviendas. Desde la Oficina de Fondos Europeos hacemos posible la puesta en marcha de un proyecto tan importante para nuestro municipio que consigue no solo mejorar la imagen de nuestros pueblos, sino que, adem\u00e1s supone una mejora notable en la calidad de vida de los habitantes de la zona.\u201d <\/p>\n<p>Rehabilitaci\u00f3n de viviendas en El Cotillo, financiado a trav\u00e9s de los Programas de Ayuda en Materia de Rehabilitaci\u00f3n Residencial y Vivienda Social del Plan de Recuperaci\u00f3n, Transformaci\u00f3n y Resiliencia financiado por la Uni\u00f3n Europea \u2013 Next Generation EU \u2013 en la comunidad aut\u00f3noma de Canarias.<\/p>\n","protected":false},"excerpt":{"rendered":"<p><span>Bajo el marco de Programa de Actuaciones de Rehabilitaci\u00f3n a Nivel de Barrio (ERRP), el Consistorio de La Oliva trabaja en sinton\u00eda con Cabildo Insular de Fuerteventura y Ministerio de Vivienda y Agenda Urbana para rehabilitar el n\u00facleo de la localidad pesquera por un total de m\u00e1s 4,1 millones de euros<\/span><\/p>\n","protected":false},"author":1,"featured_media":11573,"comment_status":"open","ping_status":"open","sticky":false,"template":"","format":"standard","meta":{"inline_featured_image":false,"jnews-multi-image_gallery":[],"jnews_single_post":[],"jnews_primary_category":[],"jnews_social_meta":[],"jnews_override_counter":[],"jnews_post_split":[],"footnotes":""},"categories":[62],"tags":[82,71],"class_list":["post-11571","post","type-post","status-publish","format-standard","has-post-thumbnail","hentry","category-la-oliva","tag-fuerteventura","tag-residencia"],"jetpack_featured_media_url":"https:\/\/informacionlocal.es\/wp-content\/uploads\/2025\/09\/5252_ca4bc83b.png","_links":{"self":[{"href":"https:\/\/informacionlocal.es\/de\/wp-json\/wp\/v2\/posts\/11571","targetHints":{"allow":["GET"]}}],"collection":[{"href":"https:\/\/informacionlocal.es\/de\/wp-json\/wp\/v2\/posts"}],"about":[{"href":"https:\/\/informacionlocal.es\/de\/wp-json\/wp\/v2\/types\/post"}],"author":[{"embeddable":true,"href":"https:\/\/informacionlocal.es\/de\/wp-json\/wp\/v2\/users\/1"}],"replies":[{"embeddable":true,"href":"https:\/\/informacionlocal.es\/de\/wp-json\/wp\/v2\/comments?post=11571"}],"version-history":[{"count":0,"href":"https:\/\/informacionlocal.es\/de\/wp-json\/wp\/v2\/posts\/11571\/revisions"}],"wp:featuredmedia":[{"embeddable":true,"href":"https:\/\/informacionlocal.es\/de\/wp-json\/wp\/v2\/media\/11573"}],"wp:attachment":[{"href":"https:\/\/informacionlocal.es\/de\/wp-json\/wp\/v2\/media?parent=11571"}],"wp:term":[{"taxonomy":"category","embeddable":true,"href":"https:\/\/informacionlocal.es\/de\/wp-json\/wp\/v2\/categories?post=11571"},{"taxonomy":"post_tag","embeddable":true,"href":"https:\/\/informacionlocal.es\/de\/wp-json\/wp\/v2\/tags?post=11571"}],"curies":[{"name":"wp","href":"https:\/\/api.w.org\/{rel}","templated":true}]}}