{"id":1156,"date":"2025-04-10T23:46:39","date_gmt":"2025-04-10T23:46:39","guid":{"rendered":"https:\/\/informacionlocal.es\/im-rathaus-von-pajara-wurden-neue-informationstafeln-ueber-die-straende-mit-der-blauen-flagge-aufgestellt\/"},"modified":"2025-04-14T10:01:32","modified_gmt":"2025-04-14T10:01:32","slug":"im-rathaus-von-pajara-wurden-neue-informationstafeln-ueber-die-straende-mit-der-blauen-flagge-aufgestellt","status":"publish","type":"post","link":"https:\/\/informacionlocal.es\/de\/im-rathaus-von-pajara-wurden-neue-informationstafeln-ueber-die-straende-mit-der-blauen-flagge-aufgestellt\/","title":{"rendered":"Im Rathaus von P\u00e1jara wurden neue Informationstafeln \u00fcber die Str\u00e4nde mit der Blauen Flagge aufgestellt."},"content":{"rendered":"<div class=\"entry-content\">\n<p><b><i>Ziel der Initiative ist es, die Umweltfreundlichkeit, Qualit\u00e4t und Sicherheit \u00f6ffentlicher R\u00e4ume zu verbessern.  <\/i><\/b><\/p>\n<p><span>Die Stadtverwaltung von P\u00e1jara hat \u00fcber die Abteilung f\u00fcr Str\u00e4nde einen weiteren Schritt in ihrem Engagement f\u00fcr den Umweltschutz und die Qualit\u00e4t ihrer Str\u00e4nde getan, indem sie insgesamt neun neue Informationstafeln an den verschiedenen Str\u00e4nden der Gemeinde, die mit der Blauen Flagge ausgezeichnet wurden, angebracht hat. Die Gesamtinvestition f\u00fcr die Installation dieser Tafeln betrug 29.700 Euro, was das Engagement der Gemeinde f\u00fcr die Aufrechterhaltung dieser Anerkennung widerspiegelt, die die Qualit\u00e4t des Wassers und der an den Str\u00e4nden angebotenen Dienstleistungen garantiert.   <\/span><\/p>\n<p><span>Die neuen Tafeln wurden an den Str\u00e4nden von Morro Jable, Buthiondo, Matorral und Costa Calma aufgestellt. Sie sollen die Anforderungen des Programms &#8222;Blaue Flagge&#8220; erf\u00fcllen und sicherstellen, dass die Nutzer die notwendigen Informationen \u00fcber die Sensibilisierungskampagnen erhalten. Diese Tafeln enthalten wichtige Daten wie Notrufnummern und eine Karte, auf der die verschiedenen Sehensw\u00fcrdigkeiten verzeichnet sind, Piktogramme, die auf Verhaltensregeln und Verbote hinweisen, sowie die verf\u00fcgbaren Dienstleistungen wie schattige Bereiche, Toiletten und Zugangsm\u00f6glichkeiten f\u00fcr Personen mit eingeschr\u00e4nkter Mobilit\u00e4t.   <\/span><\/p>\n<p><span>Der Stadtrat f\u00fcr Str\u00e4nde, Raimundo Dacosta, erkl\u00e4rte, dass die Regierungsgruppe sich verpflichtet hat, die Str\u00e4nde weiterhin schrittweise zu verbessern. &#8222;Dies ist ein weiterer Schritt in Richtung Nachhaltigkeit, Sicherheit und Qualit\u00e4t unserer \u00f6ffentlichen R\u00e4ume. Unsere Str\u00e4nde sind eine der wichtigsten touristischen Attraktionen der Gemeinde und gleichzeitig ein Ort der Freude f\u00fcr unsere Einwohner&#8220;, sagte er.    <\/span><\/p>\n<p><span>Die Gemeinde P\u00e1jara geh\u00f6rt zu den Gemeinden der Kanarischen Inseln, die insgesamt vier Blaue Flaggen erhalten haben, eine Auszeichnung, die sowohl die Umweltqualit\u00e4t als auch die den Einwohnern und Besuchern angebotenen Dienstleistungen hervorhebt.  <\/span><\/p>\n<div>Teilen Sie<\/div>\n<\/div>\n","protected":false},"excerpt":{"rendered":"<p><i>Ziel der Initiative ist es, die Umweltfreundlichkeit, Qualit\u00e4t und Sicherheit \u00f6ffentlicher R\u00e4ume zu verbessern.  <\/i><\/p>\n","protected":false},"author":1,"featured_media":741,"comment_status":"open","ping_status":"open","sticky":false,"template":"","format":"standard","meta":{"inline_featured_image":false,"jnews-multi-image_gallery":[],"jnews_single_post":[],"jnews_primary_category":[],"jnews_social_meta":[],"jnews_override_counter":[],"jnews_post_split":[],"footnotes":""},"categories":[297],"tags":[216,196,197,199,218],"class_list":["post-1156","post","type-post","status-publish","format-standard","has-post-thumbnail","hentry","category-pajara-de","tag-fuerteventura-de","tag-gemeinden","tag-offentliche-dienste","tag-umwelt","tag-verordnungen"],"jetpack_featured_media_url":"https:\/\/informacionlocal.es\/wp-content\/uploads\/2025\/04\/paneles-informativos-1-e1742986212187.jpeg","_links":{"self":[{"href":"https:\/\/informacionlocal.es\/de\/wp-json\/wp\/v2\/posts\/1156","targetHints":{"allow":["GET"]}}],"collection":[{"href":"https:\/\/informacionlocal.es\/de\/wp-json\/wp\/v2\/posts"}],"about":[{"href":"https:\/\/informacionlocal.es\/de\/wp-json\/wp\/v2\/types\/post"}],"author":[{"embeddable":true,"href":"https:\/\/informacionlocal.es\/de\/wp-json\/wp\/v2\/users\/1"}],"replies":[{"embeddable":true,"href":"https:\/\/informacionlocal.es\/de\/wp-json\/wp\/v2\/comments?post=1156"}],"version-history":[{"count":1,"href":"https:\/\/informacionlocal.es\/de\/wp-json\/wp\/v2\/posts\/1156\/revisions"}],"predecessor-version":[{"id":1658,"href":"https:\/\/informacionlocal.es\/de\/wp-json\/wp\/v2\/posts\/1156\/revisions\/1658"}],"wp:featuredmedia":[{"embeddable":true,"href":"https:\/\/informacionlocal.es\/de\/wp-json\/wp\/v2\/media\/741"}],"wp:attachment":[{"href":"https:\/\/informacionlocal.es\/de\/wp-json\/wp\/v2\/media?parent=1156"}],"wp:term":[{"taxonomy":"category","embeddable":true,"href":"https:\/\/informacionlocal.es\/de\/wp-json\/wp\/v2\/categories?post=1156"},{"taxonomy":"post_tag","embeddable":true,"href":"https:\/\/informacionlocal.es\/de\/wp-json\/wp\/v2\/tags?post=1156"}],"curies":[{"name":"wp","href":"https:\/\/api.w.org\/{rel}","templated":true}]}}