{"id":11559,"date":"2025-09-29T13:58:29","date_gmt":"2025-09-29T12:58:29","guid":{"rendered":"https:\/\/informacionlocal.es\/el-cabildo-reconoce-la-excelencia-del-destino-fuerteventura-con-los-premio-distinguidos-de-turismo-2025\/"},"modified":"2025-09-29T13:58:29","modified_gmt":"2025-09-29T12:58:29","slug":"el-cabildo-reconoce-la-excelencia-del-destino-fuerteventura-con-los-premio-distinguidos-de-turismo-2025","status":"publish","type":"post","link":"https:\/\/informacionlocal.es\/de\/el-cabildo-reconoce-la-excelencia-del-destino-fuerteventura-con-los-premio-distinguidos-de-turismo-2025\/","title":{"rendered":"El Cabildo reconoce la excelencia del destino Fuerteventura con los Premio Distinguidos de Turismo 2025"},"content":{"rendered":"<div class=\"entry-content\"><strong>27 septiembre, 2025<\/strong><\/p>\n<p><strong><em>Los premios Playa de Oro se entregaron a Bodegas Conatvs, el Grupo Catamar\u00e1n Excursi\u00f3n, Mar\u00eda Alonso del Pino Brito y Holger Ziechert por su fidelidad con Fuerteventura<\/em><\/strong><\/p>\n<p>La marina de Caleta de Fuste, en el municipio de Antigua, ha sido el escenario de la Gala Distinguidos del Turismo de Fuerteventura 2025.\u00a0 Una noche de reconocimientos en la que el Cabildo insular y el Patronato de Turismo entregaron los galardones a cuatro premiados por su trayectoria, calidad e iniciativa tur\u00edstica, coincidiendo con el D\u00eda Internacional del Turismo.<\/p>\n<p>El acto estuvo precedido de un espect\u00e1culo cultural en la bah\u00eda de Caleta de Fuste, como puesta en valor de este enclave como zona tur\u00edstica de Fuerteventura. Se rindi\u00f3 homenaje a Francisca Calero (Frasquita), empresaria pionera en un pueblo que hoy se ha convertido en una de las localidades tur\u00edsticas m\u00e1s destacadas de la Isla. Al inicio de la gala, se record\u00f3, adem\u00e1s, la figura de \u00c1ngel Jove Capell\u00e1n, reconocido empresario fundador de la cadena Hoteles Elba y el Centro Comercial Atl\u00e1ntico, recientemente fallecido.<\/p>\n<p>A continuaci\u00f3n, la presidenta del Cabildo de Fuerteventura, Lola Garc\u00eda, y la consejera de Turismo, Marlene Figueroa, pusieron en valor unos premios que reconocen el trabajo de los profesionales del turismo que hacen de Fuerteventura un destino de calidad, respetuoso con el entorno y el modelo de turismo sostenible que necesita Fuerteventura.<\/p>\n<p>Lola Garc\u00eda, agradeci\u00f3 la presencia de empresariado y profesionales del sector tur\u00edstico \u201cen un encuentro que rinde homenaje a quienes contribuyen con su trabajo a que Fuerteventura sea un verdadero destino tur\u00edstico de calidad. Es fundamental visibilizar ese trabajo de nuestros profesionales y reflexionar, al mismo tiempo, sobre el modelo tur\u00edstico que queremos para Fuerteventura, con capacidad para crear empleo, dinamizar la econom\u00eda local y mejorar la calidad de vida de quienes vivimos aqu\u00ed\u201d.\u00a0Aprovech\u00f3, adem\u00e1s, para agradecer la coordinaci\u00f3n entre Cabildo de Fuerteventura y todos y cada uno de los ayuntamientos de la Isla.<\/p>\n<p>Por su parte, la consejera de Turismo, Marlene Figueroa, felicit\u00f3 a los galardonados y galardonadas, \u201cjustos merecedores de las distinciones, demostrando con su buen hacer la excelencia del sector tur\u00edstico en Fuerteventura\u201d. Figueroa subray\u00f3 los buenos datos y perspectivas de futuro del destino, gracias a una estrategia \u201cque debe contar con la necesaria implicaci\u00f3n de los empresarios y empresarias, trabajadores y trabajadores, as\u00ed como las instituciones majoreras, de cara a propiciar una mayor sostenibilidad y que los beneficios se distribuyan en la Isla\u201d.<\/p>\n<p>El alcalde de Antigua, Mat\u00edas Pe\u00f1a, subray\u00f3 que \u201ccelebrar los premios en Caleta de Fuste es tambi\u00e9n una distinci\u00f3n para esta localidad tur\u00edstica que siempre agradezco\u201d. \u00a0\u201cFelicitar y agradecer la aportaci\u00f3n de las empresas destacadas y recordar que el turismo bien planteado es el que se desarrolla en paralelo a la mejora de vida de los residentes en la isla, insistiendo que sean nuestras costumbres, productos y tradiciones los que nos identifiquen y no al rev\u00e9s\u201d.<\/p>\n<p>A continuaci\u00f3n, se entregaron los esperados premios Playa de Oro. El alcalde Mat\u00edas Pe\u00f1a hizo entrega del galard\u00f3n \u2018Destino Azul\u2019 al Grupo Catamar\u00e1n Excursi\u00f3n, en reconocimiento a su compromiso con la sostenibilidad marina y su aportaci\u00f3n a la diversificaci\u00f3n de la oferta tur\u00edstica de la isla. Fundada en 2013 en Caleta de Fuste, la empresa ha impulsado un modelo innovador de ocio mar\u00edtimo y deportivo, contribuyendo a posicionar a Fuerteventura como destino n\u00e1utico de referencia en Canarias.<\/p>\n<p>El Playa de Oro en la categor\u00eda \u2018Cliente\u2019, se concedi\u00f3 el premio a Holger Ziechert, turista alem\u00e1n que desde 1977 ha visitado la isla m\u00e1s de 150 veces a lo largo de 48 a\u00f1os. El premio fue entregado por la consejera de Turismo del Gobierno de Canarias, Jessica de Le\u00f3n, como reconocimiento a su fidelidad y cari\u00f1o hacia Fuerteventura lo convierten en un aut\u00e9ntico embajador afectivo, reflejando su v\u00ednculo con la isla en dos libros:\u00a0<em>Mi Fuerteventura antes y ahora<\/em>\u00a0y\u00a0<em>Mi Aldiana Club Fuerteventura<\/em>.<\/p>\n<p>La consejera de Turismo del Cabildo, Marlene Figueroa, entreg\u00f3 el premio de la categor\u00eda \u2018Empresa\u2019 a Bodegas Conatvs, ubicada en Lajares, reconocida por su trayectoria como empresa referente en el turismo de interior con identidad rural. Se trata de la primera bodega de Fuerteventura inscrita en la Denominaci\u00f3n de Origen Protegida Islas Canarias, que combina la producci\u00f3n de vinos de alta calidad con experiencias tur\u00edsticas vinculadas al conocimiento, la sostenibilidad y la cultura local.<\/p>\n<p>En la modalidad \u2018Trayectoria Individual\u2019 fue distinguida Mar\u00eda Alonso del Pino Brito, propietaria y gestora del restaurante La Jaula de Oro, en Ajuy. La presidenta insular, Lola Garc\u00eda, hizo entrega del galard\u00f3n a este negocio familiar, fundado en los a\u00f1os cincuenta, que se ha convertido en un referente gastron\u00f3mico y social del municipio. Desde hace veintisiete a\u00f1os, Mar\u00eda del Pino mantiene una apuesta firme por la calidad y la sostenibilidad a trav\u00e9s de productos de kil\u00f3metro cero, consolidando al restaurante como punto de encuentro para residentes y visitantes.<\/p>\n<p>Con estos reconocimientos, el Cabildo de Fuerteventura destaca la importancia de un modelo tur\u00edstico que fomente el empleo local, dinamice la econom\u00eda insular y, al mismo tiempo, preserve el territorio y mejore la calidad de vida de los residentes.<\/p>\n<\/div>\n","protected":false},"excerpt":{"rendered":"<p>27 septiembre, 2025 Los premios Playa de Oro se entregaron a Bodegas Conatvs, el Grupo Catamar\u00e1n Excursi\u00f3n, Mar\u00eda Alonso del Pino Brito y Holger Ziechert por su fidelidad con Fuerteventura [&hellip;]<\/p>\n","protected":false},"author":1,"featured_media":11561,"comment_status":"open","ping_status":"open","sticky":false,"template":"","format":"standard","meta":{"inline_featured_image":false,"jnews-multi-image_gallery":[],"jnews_single_post":[],"jnews_primary_category":[],"jnews_social_meta":[],"jnews_override_counter":[],"jnews_post_split":[],"footnotes":""},"categories":[58],"tags":[82],"class_list":["post-11559","post","type-post","status-publish","format-standard","has-post-thumbnail","hentry","category-cabildo","tag-fuerteventura"],"jetpack_featured_media_url":"https:\/\/informacionlocal.es\/wp-content\/uploads\/2025\/09\/1759131103-0f1b06e01d46531a7e3e586110e95ed4.jpg","_links":{"self":[{"href":"https:\/\/informacionlocal.es\/de\/wp-json\/wp\/v2\/posts\/11559","targetHints":{"allow":["GET"]}}],"collection":[{"href":"https:\/\/informacionlocal.es\/de\/wp-json\/wp\/v2\/posts"}],"about":[{"href":"https:\/\/informacionlocal.es\/de\/wp-json\/wp\/v2\/types\/post"}],"author":[{"embeddable":true,"href":"https:\/\/informacionlocal.es\/de\/wp-json\/wp\/v2\/users\/1"}],"replies":[{"embeddable":true,"href":"https:\/\/informacionlocal.es\/de\/wp-json\/wp\/v2\/comments?post=11559"}],"version-history":[{"count":0,"href":"https:\/\/informacionlocal.es\/de\/wp-json\/wp\/v2\/posts\/11559\/revisions"}],"wp:featuredmedia":[{"embeddable":true,"href":"https:\/\/informacionlocal.es\/de\/wp-json\/wp\/v2\/media\/11561"}],"wp:attachment":[{"href":"https:\/\/informacionlocal.es\/de\/wp-json\/wp\/v2\/media?parent=11559"}],"wp:term":[{"taxonomy":"category","embeddable":true,"href":"https:\/\/informacionlocal.es\/de\/wp-json\/wp\/v2\/categories?post=11559"},{"taxonomy":"post_tag","embeddable":true,"href":"https:\/\/informacionlocal.es\/de\/wp-json\/wp\/v2\/tags?post=11559"}],"curies":[{"name":"wp","href":"https:\/\/api.w.org\/{rel}","templated":true}]}}