{"id":1151,"date":"2025-04-10T23:56:43","date_gmt":"2025-04-10T23:56:43","guid":{"rendered":"https:\/\/informacionlocal.es\/padilla-supermarkets-und-die-kuestenkommissare-anerkannt-auf-der-feaga\/"},"modified":"2025-04-14T10:04:23","modified_gmt":"2025-04-14T10:04:23","slug":"padilla-supermarkets-und-die-kuestenkommissare-anerkannt-auf-der-feaga","status":"publish","type":"post","link":"https:\/\/informacionlocal.es\/de\/padilla-supermarkets-und-die-kuestenkommissare-anerkannt-auf-der-feaga\/","title":{"rendered":"Padilla Supermarkets und die K\u00fcstenkommissare, anerkannt auf der FEAGA"},"content":{"rendered":"<div class=\"article-content-inner\">\n<h2 class=\"wp-block-heading\">Die aus Tuineje stammende Familie Padilla und die Inselkommissare, die w\u00e4hrend der Messe f\u00fcr ihre Arbeit zugunsten des Prim\u00e4rsektors und des kulturellen Erbes ausgezeichnet wurden.<\/h2>\n<p><strong>Sonntag, 6. April 2025<\/strong><\/p>\n<p>Gestern fand im Rahmen der Landwirtschafts-, Viehzucht- und Fischereimesse von Fuerteventura eine doppelte Ehrung statt: die Auszeichnung von Supermercados Padilla und der Kommissare der K\u00fcste Fuerteventuras f\u00fcr ihren Beitrag zur Entwicklung des Prim\u00e4rsektors und zur Erhaltung der tief verwurzelten Traditionen der Insel.<\/p>\n<h3 class=\"wp-block-heading\">Erkennung von Supermercados Padilla<\/h3>\n<p>Die aus der Gemeinde Tuineje stammende Familie Padilla erhielt die Auszeichnung f\u00fcr ihr gro\u00dfes Engagement bei der F\u00f6rderung und Vermarktung lokaler Produkte. Ihre Arbeit an der Spitze von Supermercados Padilla hat entscheidend dazu beigetragen, die Produkte, die aus der t\u00e4glichen Arbeit der Landwirte, Viehz\u00fcchter und Fischer Fuerteventuras hervorgehen, sichtbar zu machen und auf dem Markt zu positionieren. <\/p>\n<p>Jonathan Pe\u00f1a, Stadtrat f\u00fcr den Prim\u00e4ren Sektor der Stadt Tuineje, sagte: &#8222;Wir freuen uns sehr, dass die FEAGA dieses Jahr die Arbeit von Supermercados Padilla anerkannt hat. Seit Jahren zeigen sie, dass es m\u00f6glich ist, Gesch\u00e4fte aus dem Engagement f\u00fcr unser Land und die Menschen, die dort jeden Tag arbeiten, zu machen. Das Engagement f\u00fcr lokale Produkte ist der Schl\u00fcssel, um die Identit\u00e4t der Landwirtschaft und Viehzucht auf Fuerteventura lebendig zu halten&#8220;.<\/p>\n<p>Auch die B\u00fcrgermeisterin von Tuineje, Candelaria Umpi\u00e9rrez, brachte ihre Dankbarkeit zum Ausdruck: &#8222;Die Familie Padilla ist ein Beispiel f\u00fcr den Unternehmergeist und die Wurzeln unserer Kultur. Wir in Tuineje freuen uns \u00fcber diese Anerkennung, die die jahrzehntelangen Bem\u00fchungen, die Ausdauer und die Liebe zu dem, was uns geh\u00f6rt, w\u00fcrdigt&#8220;.<\/p>\n<h3 class=\"wp-block-heading\">Hommage an die K\u00fcstenkommissare<\/h3>\n<p>Die Kommissare f\u00fcr die K\u00fcste Fuerteventuras standen ebenfalls im Rampenlicht, weil sie sich f\u00fcr die Erhaltung und Weitergabe einer der repr\u00e4sentativsten Traditionen der l\u00e4ndlichen Welt Fuerteventuras einsetzen: die <strong>Apa\u00f1adas<\/strong>, die k\u00fcrzlich zum <strong>Kulturgut<\/strong> erkl\u00e4rt wurden <strong>.<\/strong><\/p>\n<div class=\"wp-block-image\">\n<figure class=\"alignleft size-large is-resized\"><img fetchpriority=\"high\" decoding=\"async\" width=\"768\" height=\"1024\" src=\"https:\/\/informacionlocal.es\/wp-content\/uploads\/2025\/04\/ea5d4e7f-2bf6-4ea9-9092-f29a904c8f1c-768x1024-1.jpg\" class=\"wp-image-7685\" title=\"ea5d4e7f-2bf6-4ea9-9092-f29a904c8f1c-768x1024-1\"><\/figure>\n<\/div>\n<p>Von Seiten der Stadtverwaltung m\u00f6chten wir <strong>Mart\u00edn Cano<\/strong>, dem Kommissar von Tuineje, eine besondere Erw\u00e4hnung aussprechen. Sein Engagement war von grundlegender Bedeutung f\u00fcr die Erhaltung dieses alten Brauchs, der die Verbindung zwischen der Viehzucht, der Landschaft und der Eigenart Mallorcas darstellt. <\/p>\n<p>&#8222;Die Arbeit der Beauftragten geht weit \u00fcber die Organisation der apa\u00f1adas hinaus: Sie ist ein Engagement f\u00fcr das kollektive Ged\u00e4chtnis, f\u00fcr die Werte der Gemeinschaft und f\u00fcr die Pflege des Territoriums&#8220;, so Jonathan Pe\u00f1a.<\/p>\n<p>B\u00fcrgermeisterin Candelaria Umpi\u00e9rrez f\u00fcgte hinzu: &#8222;Unsere Kommissare auszuzeichnen bedeutet, diejenigen zu w\u00fcrdigen, die es m\u00f6glich gemacht haben, dass unsere Traditionen lebendig, respektiert und gesch\u00fctzt bleiben. Mart\u00edn Cano verk\u00f6rpert diesen Geist der stillen Hingabe, den wir im Rathaus so sehr sch\u00e4tzen&#8220;.<\/p>\n<\/div>\n","protected":false},"excerpt":{"rendered":"<p>Die aus Tuineje stammende Familie Padilla und die Inselkommissare, die w\u00e4hrend der Messe f\u00fcr ihre Arbeit zugunsten des Prim\u00e4rsektors und des kulturellen Erbes ausgezeichnet wurden. Sonntag, 6. April 2025 Gestern [&hellip;]<\/p>\n","protected":false},"author":1,"featured_media":756,"comment_status":"open","ping_status":"open","sticky":false,"template":"","format":"standard","meta":{"inline_featured_image":false,"jnews-multi-image_gallery":[],"jnews_single_post":[],"jnews_primary_category":[],"jnews_social_meta":[],"jnews_override_counter":[],"jnews_post_split":[],"footnotes":""},"categories":[299],"tags":[216,196,217,199,237],"class_list":["post-1151","post","type-post","status-publish","format-standard","has-post-thumbnail","hentry","category-tuineje-de","tag-fuerteventura-de","tag-gemeinden","tag-kultur-und-freizeit","tag-umwelt","tag-veranstaltungen"],"jetpack_featured_media_url":"https:\/\/informacionlocal.es\/wp-content\/uploads\/2025\/04\/1j5a1799-1024x683-1.jpg","_links":{"self":[{"href":"https:\/\/informacionlocal.es\/de\/wp-json\/wp\/v2\/posts\/1151","targetHints":{"allow":["GET"]}}],"collection":[{"href":"https:\/\/informacionlocal.es\/de\/wp-json\/wp\/v2\/posts"}],"about":[{"href":"https:\/\/informacionlocal.es\/de\/wp-json\/wp\/v2\/types\/post"}],"author":[{"embeddable":true,"href":"https:\/\/informacionlocal.es\/de\/wp-json\/wp\/v2\/users\/1"}],"replies":[{"embeddable":true,"href":"https:\/\/informacionlocal.es\/de\/wp-json\/wp\/v2\/comments?post=1151"}],"version-history":[{"count":1,"href":"https:\/\/informacionlocal.es\/de\/wp-json\/wp\/v2\/posts\/1151\/revisions"}],"predecessor-version":[{"id":1712,"href":"https:\/\/informacionlocal.es\/de\/wp-json\/wp\/v2\/posts\/1151\/revisions\/1712"}],"wp:featuredmedia":[{"embeddable":true,"href":"https:\/\/informacionlocal.es\/de\/wp-json\/wp\/v2\/media\/756"}],"wp:attachment":[{"href":"https:\/\/informacionlocal.es\/de\/wp-json\/wp\/v2\/media?parent=1151"}],"wp:term":[{"taxonomy":"category","embeddable":true,"href":"https:\/\/informacionlocal.es\/de\/wp-json\/wp\/v2\/categories?post=1151"},{"taxonomy":"post_tag","embeddable":true,"href":"https:\/\/informacionlocal.es\/de\/wp-json\/wp\/v2\/tags?post=1151"}],"curies":[{"name":"wp","href":"https:\/\/api.w.org\/{rel}","templated":true}]}}