{"id":1149,"date":"2025-04-10T23:52:41","date_gmt":"2025-04-10T23:52:41","guid":{"rendered":"https:\/\/informacionlocal.es\/puerto-del-rosario-schliesst-die-pflasterung-und-renovierung-der-dienstleistungen-in-tetir-ab\/"},"modified":"2025-04-14T10:05:55","modified_gmt":"2025-04-14T10:05:55","slug":"puerto-del-rosario-schliesst-die-pflasterung-und-renovierung-der-dienstleistungen-in-tetir-ab","status":"publish","type":"post","link":"https:\/\/informacionlocal.es\/de\/puerto-del-rosario-schliesst-die-pflasterung-und-renovierung-der-dienstleistungen-in-tetir-ab\/","title":{"rendered":"Puerto del Rosario schlie\u00dft die Pflasterung und Renovierung der Dienstleistungen in Tetir ab"},"content":{"rendered":"<div class=\"entry-content\">\n<p>Die Stadtverwaltung von Puerto del Rosario hat die <strong>Pflasterung und Verbesserung der Grundversorgung<\/strong> auf den Stra\u00dfen des Dorfes Tetir erfolgreich abgeschlossen und damit ihr Engagement f\u00fcr das Wohlergehen und die Sicherheit der Anwohner bekr\u00e4ftigt.<\/p>\n<p>Die durchgef\u00fchrten Arbeiten haben zu einer deutlichen Verbesserung des <strong>Stra\u00dfenbelags<\/strong> gef\u00fchrt, wobei auch <strong>Geschwindigkeitsbegrenzer an strategischen Punkten<\/strong> eingebaut wurden, die eine reibungslosere und sicherere Durchfahrt sowohl f\u00fcr Fahrzeuge als auch f\u00fcr Fu\u00dfg\u00e4nger erm\u00f6glichen werden. Auch die <strong>Wasserversorgung<\/strong> wurde in Zusammenarbeit mit dem <strong>Konsortium f\u00fcr die Wasserversorgung Fuerteventuras<\/strong> und der <strong>Abteilung f\u00fcr Dienstleistungen und lokale Entwicklung<\/strong> <strong>erneuert und optimiert<\/strong>, wobei auch <strong>Versch\u00f6nerungselemente<\/strong> eingebaut wurden, die die Identit\u00e4t der Umgebung verst\u00e4rken. <\/p>\n<p>Der B\u00fcrgermeister von Puerto del Rosario, <strong>David de Vera<\/strong>, hob hervor, dass <em>&#8222;diese Aktion ein Beispiel daf\u00fcr ist, wie das Rathaus daran arbeitet, das t\u00e4gliche Leben unserer Nachbarn zu verbessern. Tetir ist ein grundlegender Kern unserer Gemeinde, und diese Verbesserungen erh\u00f6hen nicht nur seine Sicherheit und Zug\u00e4nglichkeit, sondern st\u00e4rken auch die Wurzeln und die Lebensqualit\u00e4t seiner Gemeinschaft&#8220;.<\/em><\/p>\n<p><em> <\/em>Die Stadtbaur\u00e4tin <strong>Ana Hern\u00e1ndez<\/strong> betonte ihrerseits, dass <em>&#8222;wir diese Arbeit mit einer umfassenden Vision angegangen sind, die nicht nur die Erneuerung der Infrastrukturen, sondern auch die Pflege der Umwelt und die F\u00f6rderung eines angenehmeren und sichereren Zusammenlebens umfasst. Die Einbeziehung der Anwohner war der Schl\u00fcssel zu einem erfolgreichen Abschluss.<\/em><\/p>\n<p>Der Stadtrat ist sehr dankbar f\u00fcr die <strong>Zusammenarbeit mit den Anwohnern w\u00e4hrend der Entwicklung der Arbeiten<\/strong> und feiert das Ergebnis als einen <strong>greifbaren Fortschritt auf dem Weg zu einem lebenswerteren, besser vernetzten und attraktiveren Tetir<\/strong>, sowohl f\u00fcr die derzeitigen Bewohner als auch f\u00fcr k\u00fcnftige Bewohner und Besucher.<\/p>\n<\/div>\n","protected":false},"excerpt":{"rendered":"<p>Die Stadtverwaltung von Puerto del Rosario hat die Pflasterung und Verbesserung der Grundversorgung auf den Stra\u00dfen des Dorfes Tetir erfolgreich abgeschlossen und damit ihr Engagement f\u00fcr das Wohlergehen und die [&hellip;]<\/p>\n","protected":false},"author":1,"featured_media":747,"comment_status":"open","ping_status":"open","sticky":false,"template":"","format":"standard","meta":{"inline_featured_image":false,"jnews-multi-image_gallery":[],"jnews_single_post":[],"jnews_primary_category":[],"jnews_social_meta":[],"jnews_override_counter":[],"jnews_post_split":[],"footnotes":""},"categories":[293],"tags":[216,196,254,197,263],"class_list":["post-1149","post","type-post","status-publish","format-standard","has-post-thumbnail","hentry","category-puerto-del-rosario-de","tag-fuerteventura-de","tag-gemeinden","tag-infrastruktur","tag-offentliche-dienste","tag-sicherheit"],"jetpack_featured_media_url":"https:\/\/informacionlocal.es\/wp-content\/uploads\/2025\/04\/tetir-titu-obras-0425.jpg","_links":{"self":[{"href":"https:\/\/informacionlocal.es\/de\/wp-json\/wp\/v2\/posts\/1149","targetHints":{"allow":["GET"]}}],"collection":[{"href":"https:\/\/informacionlocal.es\/de\/wp-json\/wp\/v2\/posts"}],"about":[{"href":"https:\/\/informacionlocal.es\/de\/wp-json\/wp\/v2\/types\/post"}],"author":[{"embeddable":true,"href":"https:\/\/informacionlocal.es\/de\/wp-json\/wp\/v2\/users\/1"}],"replies":[{"embeddable":true,"href":"https:\/\/informacionlocal.es\/de\/wp-json\/wp\/v2\/comments?post=1149"}],"version-history":[{"count":1,"href":"https:\/\/informacionlocal.es\/de\/wp-json\/wp\/v2\/posts\/1149\/revisions"}],"predecessor-version":[{"id":1716,"href":"https:\/\/informacionlocal.es\/de\/wp-json\/wp\/v2\/posts\/1149\/revisions\/1716"}],"wp:featuredmedia":[{"embeddable":true,"href":"https:\/\/informacionlocal.es\/de\/wp-json\/wp\/v2\/media\/747"}],"wp:attachment":[{"href":"https:\/\/informacionlocal.es\/de\/wp-json\/wp\/v2\/media?parent=1149"}],"wp:term":[{"taxonomy":"category","embeddable":true,"href":"https:\/\/informacionlocal.es\/de\/wp-json\/wp\/v2\/categories?post=1149"},{"taxonomy":"post_tag","embeddable":true,"href":"https:\/\/informacionlocal.es\/de\/wp-json\/wp\/v2\/tags?post=1149"}],"curies":[{"name":"wp","href":"https:\/\/api.w.org\/{rel}","templated":true}]}}