{"id":11445,"date":"2025-09-27T00:58:41","date_gmt":"2025-09-26T23:58:41","guid":{"rendered":"https:\/\/informacionlocal.es\/el-cabildo-impulsa-la-alfareria-majorera-a-traves-de-talleres-formativos-de-enredarte\/"},"modified":"2025-09-27T00:58:41","modified_gmt":"2025-09-26T23:58:41","slug":"el-cabildo-impulsa-la-alfareria-majorera-a-traves-de-talleres-formativos-de-enredarte","status":"publish","type":"post","link":"https:\/\/informacionlocal.es\/de\/el-cabildo-impulsa-la-alfareria-majorera-a-traves-de-talleres-formativos-de-enredarte\/","title":{"rendered":"El Cabildo impulsa la alfarer\u00eda majorera a trav\u00e9s de talleres formativos de EnRedArte"},"content":{"rendered":"<div class=\"entry-content\"><strong>26 septiembre, 2025<\/strong><\/p>\n<p><strong><em>La iniciativa, enmarcada en el proyecto EnRedArte, pretende fomentar el aprendizaje, la creaci\u00f3n y la conectividad con la tradici\u00f3n artesanal<\/em><\/strong><\/p>\n<p>El Cabildo de Fuerteventura, a trav\u00e9s de la Consejer\u00eda de Artesan\u00eda, organiza una nueva edici\u00f3n de los talleres de alfarer\u00eda majorera, destinados a promover la creatividad y preservar la tradici\u00f3n artesanal de la isla. La iniciativa se enmarca dentro del proyecto EnRedArte.<\/p>\n<p>Los talleres se desarrollar\u00e1n del 20 de octubre al 27 de noviembre, con grupos de iniciaci\u00f3n y nivel avanzado, en horario de 17.00 a 20.00 horas. Cada taller contar\u00e1 con un m\u00e1ximo de 10 plazas, por lo que se requiere inscripci\u00f3n previa a trav\u00e9s del formulario:\u00a0https:\/\/docs.google.com\/forms\/d\/e\/1FAIpQLSdzObPOrNHig7e6arpwtabdoR-GjV5RGVpsRRtcezAfzupNJg\/closedform?pli=1<\/p>\n<p>La formaci\u00f3n estar\u00e1 a cargo de los maestros artesanos Jos\u00e9 Luis Aradas Garc\u00eda, que impartir\u00e1 los talleres en los Centros Culturales de Tetir (lunes y mi\u00e9rcoles) y Guisguey (martes y jueves), y Delf\u00edn D\u00edaz Almeida, responsable de los talleres en los Centros Culturales de P\u00e1jara (lunes y mi\u00e9rcoles) y Tuineje (martes y jueves).<\/p>\n<p>La consejera de Artesan\u00eda, Lolina Negr\u00edn, invita a todas las personas interesadas a participar en los talleres para fomentar la formaci\u00f3n, la creatividad y la tradici\u00f3n. \u201cCon esta iniciativa reafirmamos nuestro compromiso con la promoci\u00f3n de la alfarer\u00eda majorera y la conservaci\u00f3n de los valores culturales de la Isla\u201d, recalc\u00f3 la consejera.<\/p>\n<p>Los talleres ofrecen a los participantes la oportunidad de aprender t\u00e9cnicas tradicionales de alfarer\u00eda majorera, desarrollar su creatividad y profundizar en el conocimiento de un oficio con siglos de historia en la Isla.<\/p>\n<\/div>\n","protected":false},"excerpt":{"rendered":"<p>26 septiembre, 2025 La iniciativa, enmarcada en el proyecto EnRedArte, pretende fomentar el aprendizaje, la creaci\u00f3n y la conectividad con la tradici\u00f3n artesanal El Cabildo de Fuerteventura, a trav\u00e9s de [&hellip;]<\/p>\n","protected":false},"author":1,"featured_media":11447,"comment_status":"open","ping_status":"open","sticky":false,"template":"","format":"standard","meta":{"inline_featured_image":false,"jnews-multi-image_gallery":[],"jnews_single_post":[],"jnews_primary_category":[],"jnews_social_meta":[],"jnews_override_counter":[],"jnews_post_split":[],"footnotes":""},"categories":[58],"tags":[82],"class_list":["post-11445","post","type-post","status-publish","format-standard","has-post-thumbnail","hentry","category-cabildo","tag-fuerteventura"],"jetpack_featured_media_url":"https:\/\/informacionlocal.es\/wp-content\/uploads\/2025\/09\/1758892633-24901da00ddfd0ebc46d336102566c48.jpg","_links":{"self":[{"href":"https:\/\/informacionlocal.es\/de\/wp-json\/wp\/v2\/posts\/11445","targetHints":{"allow":["GET"]}}],"collection":[{"href":"https:\/\/informacionlocal.es\/de\/wp-json\/wp\/v2\/posts"}],"about":[{"href":"https:\/\/informacionlocal.es\/de\/wp-json\/wp\/v2\/types\/post"}],"author":[{"embeddable":true,"href":"https:\/\/informacionlocal.es\/de\/wp-json\/wp\/v2\/users\/1"}],"replies":[{"embeddable":true,"href":"https:\/\/informacionlocal.es\/de\/wp-json\/wp\/v2\/comments?post=11445"}],"version-history":[{"count":0,"href":"https:\/\/informacionlocal.es\/de\/wp-json\/wp\/v2\/posts\/11445\/revisions"}],"wp:featuredmedia":[{"embeddable":true,"href":"https:\/\/informacionlocal.es\/de\/wp-json\/wp\/v2\/media\/11447"}],"wp:attachment":[{"href":"https:\/\/informacionlocal.es\/de\/wp-json\/wp\/v2\/media?parent=11445"}],"wp:term":[{"taxonomy":"category","embeddable":true,"href":"https:\/\/informacionlocal.es\/de\/wp-json\/wp\/v2\/categories?post=11445"},{"taxonomy":"post_tag","embeddable":true,"href":"https:\/\/informacionlocal.es\/de\/wp-json\/wp\/v2\/tags?post=11445"}],"curies":[{"name":"wp","href":"https:\/\/api.w.org\/{rel}","templated":true}]}}