{"id":11433,"date":"2025-09-26T23:13:21","date_gmt":"2025-09-26T22:13:21","guid":{"rendered":"https:\/\/informacionlocal.es\/fuerteventura-acoge-las-iv-jornadas-sobre-el-alzheimer-dirigidas-a-profesionales-y-familias\/"},"modified":"2025-09-26T23:13:21","modified_gmt":"2025-09-26T22:13:21","slug":"fuerteventura-acoge-las-iv-jornadas-sobre-el-alzheimer-dirigidas-a-profesionales-y-familias","status":"publish","type":"post","link":"https:\/\/informacionlocal.es\/de\/fuerteventura-acoge-las-iv-jornadas-sobre-el-alzheimer-dirigidas-a-profesionales-y-familias\/","title":{"rendered":"Fuerteventura acoge las IV Jornadas sobre el Alzheimer dirigidas a profesionales y familias"},"content":{"rendered":"<div class=\"entry-content\"><strong>25 septiembre, 2025<\/strong><\/p>\n<p><strong><em>La cita reuni\u00f3 a profesionales, familias y cuidadores para reflexionar sobre el cuidado y el duelo vital en la enfermedad<\/em><\/strong><\/p>\n<p>La Asociaci\u00f3n de Fuerteventura de Familiares de Personas con Alzheimer y otras demencias (AFFA) celebr\u00f3 este jueves las IV Jornadas sobre el Alzheimer en el Centro Insular de Juventud. La presidenta de AFFA, Pilar Dur\u00e1n, agradeci\u00f3 la asistencia de familiares, cuidadores y profesionales del \u00e1mbito sociosanitario, que permiten generar un espacio de formaci\u00f3n y acompa\u00f1amiento en torno a la enfermedad de Alzheimer y su impacto en el entorno familiar. \u00a0<\/p>\n<p>Por su parte, la concejala del \u00e1rea de Salud P\u00fablica, Rosa Rodr\u00edguez, agradeci\u00f3 la labor tan importante que est\u00e1 desarrollando AFFA en Fuerteventura. Asimismo, la directora general de Discapacidad del Gobierno de Canarias, Dulce Guti\u00e9rrez, expres\u00f3 el honor que supone poder celebrar junto con AFFA el D\u00eda Internacional del Alzheimer (21 de septiembre) con eventos como este.<\/p>\n<p>Estuvieron presentes, adem\u00e1s, los consejeros Nuria Cabrera y Carlos Rodr\u00edguez del Cabildo de Fuerteventura, la directora general de Dependencia, Concepci\u00f3n Ram\u00edrez, la concejala Ana Hern\u00e1ndez del Ayuntamiento de Puerto del Rosario, la directora insular de la Administraci\u00f3n General del Estado, Mar\u00eda Jes\u00fas de la Cruz, la senadora Paloma Hern\u00e1ndez y los diputados parlamentarios Jana Gonz\u00e1lez y Manuel Hern\u00e1ndez, entre otras autoridades.<\/p>\n<p>La doctora en Enfermer\u00eda y profesora de la ULPGC, Fefi Gil P\u00e9rez, ofreci\u00f3 la ponencia \u2018A\u00fan estoy aqu\u00ed\u2019, centrada en los cuidados avanzados en adultos con Alzheimer, aportando herramientas y claves pr\u00e1cticas para afrontar esta etapa.<\/p>\n<p>Fefi Gil cuenta con m\u00e1s de 26 a\u00f1os de experiencia en el \u00e1mbito asistencial del Servicio Canario de la Salud, gesti\u00f3n sanitaria, docencia e investigaci\u00f3n. Ha desarrollado gran parte de su trayectoria en la enfermer\u00eda cl\u00ednica, hospitalaria y de atenci\u00f3n primaria, destacando su especializaci\u00f3n como gestora de casos durante m\u00e1s de dos d\u00e9cadas.<\/p>\n<p>Por su parte, el psic\u00f3logo y terapeuta familiar, Chema Rodr\u00edguez de Castro, imparti\u00f3 la conferencia \u2018La presencia de la ausencia: afrontando el duelo vital ante la p\u00e9rdida de la identidad de las personas que sufren Alzheimer\u2019.<\/p>\n<p>Chema Rodr\u00edguez es especialista en terapia narrativa y enfoque sist\u00e9mico, ha intervenido en contextos de maltrato, desamparo, violencia familiar y reparaci\u00f3n de secuelas en ni\u00f1os y adolescentes expuestos a traumas, aportando una mirada integral y profundamente humana en el acompa\u00f1amiento familiar.<\/p>\n<p>Las jornadas fueron valoradas muy positivamente por los asistentes, que destacaron la importancia de contar con estos espacios de apoyo y reflexi\u00f3n. Desde AFFA se subraya la necesidad de continuar impulsando iniciativas que contribuyan a la sensibilizaci\u00f3n social y al acompa\u00f1amiento de quienes conviven con esta enfermedad, siempre de la mano de las instituciones p\u00fablicas y el tejido asociativo de la isla.<\/p>\n<p>Las IV Jornadas sobre el Alzheimer son organizadas por AFFA y cuentan con la colaboraci\u00f3n del \u00e1rea de Acci\u00f3n Social del Cabildo insular, as\u00ed como Gobierno de Canarias, Ayuntamiento de Puerto, Servicio Canario de Salud y Sociedad Canaria de Geriatr\u00eda y Gerontolog\u00eda.<\/p>\n<\/div>\n","protected":false},"excerpt":{"rendered":"<p>25 septiembre, 2025 La cita reuni\u00f3 a profesionales, familias y cuidadores para reflexionar sobre el cuidado y el duelo vital en la enfermedad La Asociaci\u00f3n de Fuerteventura de Familiares de [&hellip;]<\/p>\n","protected":false},"author":1,"featured_media":11435,"comment_status":"open","ping_status":"open","sticky":false,"template":"","format":"standard","meta":{"inline_featured_image":false,"jnews-multi-image_gallery":[],"jnews_single_post":[],"jnews_primary_category":[],"jnews_social_meta":[],"jnews_override_counter":[],"jnews_post_split":[],"footnotes":""},"categories":[58],"tags":[69,82],"class_list":["post-11433","post","type-post","status-publish","format-standard","has-post-thumbnail","hentry","category-cabildo","tag-eventos","tag-fuerteventura"],"jetpack_featured_media_url":"https:\/\/informacionlocal.es\/wp-content\/uploads\/2025\/09\/1758871515-ca4760d03388897a6864cc428fa1c0d4.jpg","_links":{"self":[{"href":"https:\/\/informacionlocal.es\/de\/wp-json\/wp\/v2\/posts\/11433","targetHints":{"allow":["GET"]}}],"collection":[{"href":"https:\/\/informacionlocal.es\/de\/wp-json\/wp\/v2\/posts"}],"about":[{"href":"https:\/\/informacionlocal.es\/de\/wp-json\/wp\/v2\/types\/post"}],"author":[{"embeddable":true,"href":"https:\/\/informacionlocal.es\/de\/wp-json\/wp\/v2\/users\/1"}],"replies":[{"embeddable":true,"href":"https:\/\/informacionlocal.es\/de\/wp-json\/wp\/v2\/comments?post=11433"}],"version-history":[{"count":0,"href":"https:\/\/informacionlocal.es\/de\/wp-json\/wp\/v2\/posts\/11433\/revisions"}],"wp:featuredmedia":[{"embeddable":true,"href":"https:\/\/informacionlocal.es\/de\/wp-json\/wp\/v2\/media\/11435"}],"wp:attachment":[{"href":"https:\/\/informacionlocal.es\/de\/wp-json\/wp\/v2\/media?parent=11433"}],"wp:term":[{"taxonomy":"category","embeddable":true,"href":"https:\/\/informacionlocal.es\/de\/wp-json\/wp\/v2\/categories?post=11433"},{"taxonomy":"post_tag","embeddable":true,"href":"https:\/\/informacionlocal.es\/de\/wp-json\/wp\/v2\/tags?post=11433"}],"curies":[{"name":"wp","href":"https:\/\/api.w.org\/{rel}","templated":true}]}}