{"id":1143,"date":"2025-04-10T23:48:40","date_gmt":"2025-04-10T23:48:40","guid":{"rendered":"https:\/\/informacionlocal.es\/arbeiten-in-cactus-garden-und-las-penitas-werden-beschleunigt-und-heute-abgeschlossen\/"},"modified":"2025-04-14T09:46:07","modified_gmt":"2025-04-14T09:46:07","slug":"arbeiten-in-cactus-garden-und-las-penitas-werden-beschleunigt-und-heute-abgeschlossen","status":"publish","type":"post","link":"https:\/\/informacionlocal.es\/de\/arbeiten-in-cactus-garden-und-las-penitas-werden-beschleunigt-und-heute-abgeschlossen\/","title":{"rendered":"Arbeiten in Cactus Garden und Las Pe\u00f1itas werden beschleunigt und heute abgeschlossen"},"content":{"rendered":"<div class=\"entry-content\"><strong>9 April, 2025<\/strong><\/p>\n<p><strong>Der Regenalarm und der Voralarm f\u00fcr St\u00fcrme und \u00dcberschwemmungsgefahr bedingen den Arbeitsplan f\u00fcr &#8222;Fuerteventura, sch\u00f6n von Natur&#8220;.<\/strong><\/p>\n<p>Die Mitarbeiter des Programms &#8222;Fuerteventura, sch\u00f6n durch die Natur&#8220; des Rathauses haben ihren Arbeitsplan ge\u00e4ndert und schlie\u00dfen heute die Arbeiten im Kaktusgarten des K\u00e4semuseums und in Las Pe\u00f1itas ab, die sich in beiden F\u00e4llen in der Endphase befinden. Diese \u00c4nderung ist auf die Regenwarnung und die Vorwarnung vor Unwettern und \u00dcberschwemmungsgefahr zur\u00fcckzuf\u00fchren. <\/p>\n<p>Das Cabildo von Fuerteventura hat beschlossen, das Programm zu \u00e4ndern und zu beschleunigen, um zu versuchen, beide Ma\u00dfnahmen vor dem Eintreffen der Regenf\u00e4lle abzuschlie\u00dfen und sie nicht auf die n\u00e4chste Woche verschieben zu m\u00fcssen.<\/p>\n<p>Diese Werke von &#8218;Fuerteventura, sch\u00f6n durch die Natur&#8216;, &#8222;versch\u00f6nern landschaftlich gestaltete Bereiche und verbessern einen Anziehungspunkt f\u00fcr Besucher und Einwohner wie die G\u00e4rten des K\u00e4semuseums sowie Las Pe\u00f1itas&#8220;, erkl\u00e4rt die Pr\u00e4sidentin des Cabildo, Lola Garc\u00eda.<\/p>\n<p>Der Auftrag, den das von Blas Acosta geleitete Ministerium an Gesplan vergeben hat, sieht Ma\u00dfnahmen vor, die \u00fcber einen Zeitraum von 15 Monaten zwischen 2024 und 2025 durchgef\u00fchrt werden sollen. In beiden Jahren werden vier Millionen Euro in etwa hundert &#8222;Nachbarschaftsaktionen&#8220; investiert, die sich direkt auf die Erhaltung der nat\u00fcrlichen Umwelt, die gute Wahrnehmung durch die Besucher und die Lebensqualit\u00e4t der Einwohner auswirken. <\/p>\n<p>Das K\u00e4semuseum von Antigua und seine Umgebung sind ein klarer touristischer Bezugspunkt, ein wesentlicher Kontrapunkt zum Strandangebot. Aber gleichzeitig b\u00fcndelt und erkl\u00e4rt dieser Komplex mit Elementen wie dem emblematischen Kaktusgarten einen gro\u00dfen Teil der Pers\u00f6nlichkeit des Majorero, seiner Identit\u00e4t. <\/p>\n<p>Der Museumskomplex hat von einem umfassenden Projekt profitiert, das Verbesserungen wie Rodung, Reinigung und Verbesserung der Gr\u00fcnfl\u00e4chen sowie die Wiederherstellung von etwa 180 Metern Steinmauern umfasst. Die Versch\u00f6nerung des Kaktusgartens ist der H\u00f6hepunkt der Arbeiten, die das vom Cabildo entsandte Gesplan-Team durchgef\u00fchrt hat. <\/p>\n<p>Die Schlucht von Las Pe\u00f1itas, eine der symboltr\u00e4chtigsten und monumentalsten Schluchten Fuerteventuras, wurde bereits vor zwei Monaten einer gr\u00fcndlichen Reinigung von Vegetation und M\u00fcll unterzogen, die den nat\u00fcrlichen Wasserlauf behinderten. Die R\u00fcckkehr zur Schlucht in diesen Tagen zielt darauf ab, die Reinigungs- und Aufr\u00e4umarbeiten zu verst\u00e4rken und das Image der nat\u00fcrlichen Umgebung von Las Pe\u00f1itas, insbesondere der Wege, zu verbessern. <\/p>\n<p>Die Schlucht von Las Pe\u00f1itas ist eine au\u00dfergew\u00f6hnliche Enklave auf der Insel Fuerteventura. Dieser emblematische Ort befindet sich im Naturschutzgebiet des Parque Rural de Betancuria. Die Schlucht von Las Pe\u00f1itas erstreckt sich von der Stadt Betancuria bis zur Spitze der Schlucht von Mal Paso. Der Name Las Pe\u00f1itas bezieht sich auf den gleichnamigen Damm, der 1937 gebaut wurde.   <\/p>\n<\/div>\n","protected":false},"excerpt":{"rendered":"<p>9 April, 2025 Der Regenalarm und der Voralarm f\u00fcr St\u00fcrme und \u00dcberschwemmungsgefahr bedingen den Arbeitsplan f\u00fcr &#8222;Fuerteventura, sch\u00f6n von Natur&#8220;. Die Mitarbeiter des Programms &#8222;Fuerteventura, sch\u00f6n durch die Natur&#8220; des [&hellip;]<\/p>\n","protected":false},"author":1,"featured_media":744,"comment_status":"open","ping_status":"open","sticky":false,"template":"","format":"standard","meta":{"inline_featured_image":false,"jnews-multi-image_gallery":[],"jnews_single_post":[],"jnews_primary_category":[],"jnews_social_meta":[],"jnews_override_counter":[],"jnews_post_split":[],"footnotes":""},"categories":[287],"tags":[216,196,217,199,218],"class_list":["post-1143","post","type-post","status-publish","format-standard","has-post-thumbnail","hentry","category-cabildo-de","tag-fuerteventura-de","tag-gemeinden","tag-kultur-und-freizeit","tag-umwelt","tag-verordnungen"],"jetpack_featured_media_url":"https:\/\/informacionlocal.es\/wp-content\/uploads\/2025\/04\/las-cuadrillas.jpeg","_links":{"self":[{"href":"https:\/\/informacionlocal.es\/de\/wp-json\/wp\/v2\/posts\/1143","targetHints":{"allow":["GET"]}}],"collection":[{"href":"https:\/\/informacionlocal.es\/de\/wp-json\/wp\/v2\/posts"}],"about":[{"href":"https:\/\/informacionlocal.es\/de\/wp-json\/wp\/v2\/types\/post"}],"author":[{"embeddable":true,"href":"https:\/\/informacionlocal.es\/de\/wp-json\/wp\/v2\/users\/1"}],"replies":[{"embeddable":true,"href":"https:\/\/informacionlocal.es\/de\/wp-json\/wp\/v2\/comments?post=1143"}],"version-history":[{"count":1,"href":"https:\/\/informacionlocal.es\/de\/wp-json\/wp\/v2\/posts\/1143\/revisions"}],"predecessor-version":[{"id":1468,"href":"https:\/\/informacionlocal.es\/de\/wp-json\/wp\/v2\/posts\/1143\/revisions\/1468"}],"wp:featuredmedia":[{"embeddable":true,"href":"https:\/\/informacionlocal.es\/de\/wp-json\/wp\/v2\/media\/744"}],"wp:attachment":[{"href":"https:\/\/informacionlocal.es\/de\/wp-json\/wp\/v2\/media?parent=1143"}],"wp:term":[{"taxonomy":"category","embeddable":true,"href":"https:\/\/informacionlocal.es\/de\/wp-json\/wp\/v2\/categories?post=1143"},{"taxonomy":"post_tag","embeddable":true,"href":"https:\/\/informacionlocal.es\/de\/wp-json\/wp\/v2\/tags?post=1143"}],"curies":[{"name":"wp","href":"https:\/\/api.w.org\/{rel}","templated":true}]}}