{"id":11391,"date":"2025-09-26T15:59:18","date_gmt":"2025-09-26T14:59:18","guid":{"rendered":"https:\/\/informacionlocal.es\/el-cabildo-de-fuerteventura-se-adhiere-a-la-red-de-entidades-locales-de-la-agenda-2030\/"},"modified":"2025-09-26T15:59:18","modified_gmt":"2025-09-26T14:59:18","slug":"el-cabildo-de-fuerteventura-se-adhiere-a-la-red-de-entidades-locales-de-la-agenda-2030","status":"publish","type":"post","link":"https:\/\/informacionlocal.es\/de\/el-cabildo-de-fuerteventura-se-adhiere-a-la-red-de-entidades-locales-de-la-agenda-2030\/","title":{"rendered":"El Cabildo de Fuerteventura se adhiere a la Red de Entidades Locales de la Agenda 2030"},"content":{"rendered":"<div class=\"entry-content\"><strong>26 septiembre, 2025<\/strong><\/p>\n<p>El Pleno del Cabildo de Fuerteventura ha aprobado, por unanimidad, la adhesi\u00f3n de la Corporaci\u00f3n insular a la Red de Entidades Locales de la Agenda 2030 para el Desarrollo Sostenible, promovida por la Federaci\u00f3n Espa\u00f1ola de Municipios y Provincias (FEMP). Una red que re\u00fane a los gobiernos locales comprometidos con la localizaci\u00f3n e implementaci\u00f3n de los Objetivos de Desarrollo Sostenible (ODS) de manera transversal en las pol\u00edticas p\u00fablicas.<\/p>\n<p>Con esta adhesi\u00f3n, la instituci\u00f3n reafirma su compromiso con el desarrollo sostenible y la implementaci\u00f3n de pol\u00edticas p\u00fablicas responsables, avanzando en la construcci\u00f3n de una isla cohesionada, resiliente y preparada para los retos del futuro.<\/p>\n<p>La acci\u00f3n del Cabildo se orienta a fortalecer la coordinaci\u00f3n con los seis ayuntamientos de la isla y con la estructura social participativa, asegurando que las pol\u00edticas p\u00fablicas locales respondan a los retos urbanos y rurales desde la sostenibilidad y la innovaci\u00f3n.<\/p>\n<\/div>\n","protected":false},"excerpt":{"rendered":"<p>26 septiembre, 2025 El Pleno del Cabildo de Fuerteventura ha aprobado, por unanimidad, la adhesi\u00f3n de la Corporaci\u00f3n insular a la Red de Entidades Locales de la Agenda 2030 para [&hellip;]<\/p>\n","protected":false},"author":1,"featured_media":11393,"comment_status":"open","ping_status":"open","sticky":false,"template":"","format":"standard","meta":{"inline_featured_image":false,"jnews-multi-image_gallery":[],"jnews_single_post":[],"jnews_primary_category":[],"jnews_social_meta":[],"jnews_override_counter":[],"jnews_post_split":[],"footnotes":""},"categories":[58],"tags":[70,82,65],"class_list":["post-11391","post","type-post","status-publish","format-standard","has-post-thumbnail","hentry","category-cabildo","tag-agenda","tag-fuerteventura","tag-municipios"],"jetpack_featured_media_url":"https:\/\/informacionlocal.es\/wp-content\/uploads\/2025\/09\/1758881710-07f7b48a86be2c54a948ccd27d871cf4.jpg","_links":{"self":[{"href":"https:\/\/informacionlocal.es\/de\/wp-json\/wp\/v2\/posts\/11391","targetHints":{"allow":["GET"]}}],"collection":[{"href":"https:\/\/informacionlocal.es\/de\/wp-json\/wp\/v2\/posts"}],"about":[{"href":"https:\/\/informacionlocal.es\/de\/wp-json\/wp\/v2\/types\/post"}],"author":[{"embeddable":true,"href":"https:\/\/informacionlocal.es\/de\/wp-json\/wp\/v2\/users\/1"}],"replies":[{"embeddable":true,"href":"https:\/\/informacionlocal.es\/de\/wp-json\/wp\/v2\/comments?post=11391"}],"version-history":[{"count":0,"href":"https:\/\/informacionlocal.es\/de\/wp-json\/wp\/v2\/posts\/11391\/revisions"}],"wp:featuredmedia":[{"embeddable":true,"href":"https:\/\/informacionlocal.es\/de\/wp-json\/wp\/v2\/media\/11393"}],"wp:attachment":[{"href":"https:\/\/informacionlocal.es\/de\/wp-json\/wp\/v2\/media?parent=11391"}],"wp:term":[{"taxonomy":"category","embeddable":true,"href":"https:\/\/informacionlocal.es\/de\/wp-json\/wp\/v2\/categories?post=11391"},{"taxonomy":"post_tag","embeddable":true,"href":"https:\/\/informacionlocal.es\/de\/wp-json\/wp\/v2\/tags?post=11391"}],"curies":[{"name":"wp","href":"https:\/\/api.w.org\/{rel}","templated":true}]}}