{"id":11385,"date":"2025-09-26T14:58:38","date_gmt":"2025-09-26T13:58:38","guid":{"rendered":"https:\/\/informacionlocal.es\/riesgo-por-diversion-y-velocidad-en-la-carrera-de-tartanas-de-las-fiestas-de-casillas-de-morales\/"},"modified":"2025-09-26T14:58:38","modified_gmt":"2025-09-26T13:58:38","slug":"riesgo-por-diversion-y-velocidad-en-la-carrera-de-tartanas-de-las-fiestas-de-casillas-de-morales","status":"publish","type":"post","link":"https:\/\/informacionlocal.es\/de\/riesgo-por-diversion-y-velocidad-en-la-carrera-de-tartanas-de-las-fiestas-de-casillas-de-morales\/","title":{"rendered":"Riesgo por diversi\u00f3n y velocidad en la carrera de Tartanas de las Fiestas de Casillas de Morales"},"content":{"rendered":"<div class=\"elementor-widget-container\">\n<p><strong>Riesgo por diversi\u00f3n y velocidad en la carrera de Tartanas de las Fiestas de Casillas de Morales<\/strong><\/p>\n<p><strong>\u2022 Este s\u00e1bado pistoletazo de salida y caida a toda velocidad de las Tartanas creadas de la forma m\u00e1s imaginativa por vecinos y aficionados al riesgo en Casillas Morales donde este s\u00e1bado 27 desde las 13:30 horas se lanzar\u00e1n por la Cuesta del Cantil.<\/strong><\/p>\n<p><strong>\u2022 Brindis popular y Verbena del Solajero hasta caer la noche con las actuaciones de la parranda Son de Anta\u00f1o, Grupo N- Klave, la voz y energ\u00eda de la cantante Laly Lean, seguida de Kalibre y para cerrar, Grupo Bomba y su orquesta.<\/strong><\/p>\n<p><strong>\u2022 El domingo 28 tendr\u00e1 lugar la llegada de los peregrinos de La Matilla en Honor a San Roque, recibidos con un tentempi\u00e9 para recuperar fuerzas y participar seguidamente en la solemne funci\u00f3n religiosa y Procesi\u00f3n en la Iglesia de Casillas de Morales.<\/strong><\/p>\n<p>Casillas de Morales celebra un fin de semana completo de actividades, juegos infantiles por la ma\u00f1ana y verbenas desde el mediod\u00eda hasta caer la noche, se\u00f1ala el concejal de Festejos, Pedro Armas, que destaca la participaci\u00f3n de la Comisi\u00f3n de Fiestas, animando a sus vecinos y vecinas a asistir a cada actuaci\u00f3n y cuidando cada detalle de cada cita para disfrutarla al m\u00e1ximo.<\/p>\n<p>Unas Fiestas de Casillas en Honor a San Roque al que rinden honores los Peregrinos de La Matilla que son recibidos por la Comisi\u00f3n de Fiestas este domingo con un aperitivo para reponer fuerzas y participar de la funci\u00f3n y Procesi\u00f3n religiosa este domingo 28 a partir de las 13:00 horas, recuerda el alcalde, Mat\u00edas Pe\u00f1a Garc\u00eda.<\/p>\n<p>Antes de recibir el domingo al mediod\u00eda a Los Peregrinos, se\u00f1ala el concejal Pedro M. Armas, los vecinos y vecinas de Casillas de Morales disfrutar\u00e1n este s\u00e1bado a primera hora de la Carrera de podencos organizada por la Asociaci\u00f3n de Cazadores de Antigua, seguida de la Fiesta Infantil con desayuno para los m\u00e1s peques, seguida a su vez, de Batucada por las calles para anunciar la popular y peligrosa, por la risa que provoca y la velocidad que se alcanza, Carrera de Tartanas en la Cuesta de El Cantil desde las 13:30 horas, en la que gana quien llega ileso y con la carrocer\u00eda de los m\u00e1s extravagantes dise\u00f1os, m\u00e1s completa.<\/p>\n<\/div>\n","protected":false},"excerpt":{"rendered":"<p><strong>Riesgo por diversi\u00f3n y velocidad en la carrera de Tartanas de las Fiestas de Casillas de Morales<\/strong><\/p>\n","protected":false},"author":1,"featured_media":11387,"comment_status":"open","ping_status":"open","sticky":false,"template":"","format":"standard","meta":{"inline_featured_image":false,"jnews-multi-image_gallery":[],"jnews_single_post":[],"jnews_primary_category":[],"jnews_social_meta":[],"jnews_override_counter":[],"jnews_post_split":[],"footnotes":""},"categories":[59],"tags":[],"class_list":["post-11385","post","type-post","status-publish","format-standard","has-post-thumbnail","hentry","category-antigua"],"jetpack_featured_media_url":"https:\/\/informacionlocal.es\/wp-content\/uploads\/2025\/09\/img-20250917-wa0003.jpg","_links":{"self":[{"href":"https:\/\/informacionlocal.es\/de\/wp-json\/wp\/v2\/posts\/11385","targetHints":{"allow":["GET"]}}],"collection":[{"href":"https:\/\/informacionlocal.es\/de\/wp-json\/wp\/v2\/posts"}],"about":[{"href":"https:\/\/informacionlocal.es\/de\/wp-json\/wp\/v2\/types\/post"}],"author":[{"embeddable":true,"href":"https:\/\/informacionlocal.es\/de\/wp-json\/wp\/v2\/users\/1"}],"replies":[{"embeddable":true,"href":"https:\/\/informacionlocal.es\/de\/wp-json\/wp\/v2\/comments?post=11385"}],"version-history":[{"count":0,"href":"https:\/\/informacionlocal.es\/de\/wp-json\/wp\/v2\/posts\/11385\/revisions"}],"wp:featuredmedia":[{"embeddable":true,"href":"https:\/\/informacionlocal.es\/de\/wp-json\/wp\/v2\/media\/11387"}],"wp:attachment":[{"href":"https:\/\/informacionlocal.es\/de\/wp-json\/wp\/v2\/media?parent=11385"}],"wp:term":[{"taxonomy":"category","embeddable":true,"href":"https:\/\/informacionlocal.es\/de\/wp-json\/wp\/v2\/categories?post=11385"},{"taxonomy":"post_tag","embeddable":true,"href":"https:\/\/informacionlocal.es\/de\/wp-json\/wp\/v2\/tags?post=11385"}],"curies":[{"name":"wp","href":"https:\/\/api.w.org\/{rel}","templated":true}]}}