{"id":11379,"date":"2025-09-26T13:58:48","date_gmt":"2025-09-26T12:58:48","guid":{"rendered":"https:\/\/informacionlocal.es\/el-pleno-del-cabildo-aprueba-una-declaracion-institucional-en-apoyo-al-pueblo-palestino\/"},"modified":"2025-09-26T13:58:48","modified_gmt":"2025-09-26T12:58:48","slug":"el-pleno-del-cabildo-aprueba-una-declaracion-institucional-en-apoyo-al-pueblo-palestino","status":"publish","type":"post","link":"https:\/\/informacionlocal.es\/de\/el-pleno-del-cabildo-aprueba-una-declaracion-institucional-en-apoyo-al-pueblo-palestino\/","title":{"rendered":"El Pleno del Cabildo aprueba una declaraci\u00f3n institucional en apoyo al pueblo palestino"},"content":{"rendered":"<div class=\"entry-content\"><strong>26 septiembre, 2025<\/strong><\/p>\n<p><strong><em>La Corporaci\u00f3n insular reclama la paralizaci\u00f3n inmediata del genocidio que se est\u00e1 llevando a cabo, as\u00ed como la liberaci\u00f3n de rehenes y el acceso seguro a la ayuda humanitaria<\/em><\/strong><\/p>\n<p>El Pleno del Cabildo de Fuerteventura ha aprobado en sesi\u00f3n ordinaria una declaraci\u00f3n institucional en apoyo al pueblo palestino y en defensa de la paz en Gaza, en la que se denuncia el genocidio que afecta a millones de personas en la regi\u00f3n.<\/p>\n<p>La resoluci\u00f3n subraya la necesidad de proteger a la poblaci\u00f3n civil, condenar todos los actos de violencia y terrorismo, y garantizar el acceso sin restricciones de la ayuda humanitaria.<\/p>\n<p>La instituci\u00f3n insta a la comunidad internacional a avanzar hacia la soluci\u00f3n de dos Estados, Israel y Palestina, como \u00fanica v\u00eda para lograr la paz justa y duradera, en l\u00ednea con la legalidad internacional y las resoluciones de Naciones Unidas.<\/p>\n<p>Adem\u00e1s, en el acuerdo se solicita la liberaci\u00f3n inmediata e incondicional de todos los rehenes y se manifiesta solidaridad con todas las v\u00edctimas civiles del conflicto.<\/p>\n<p>El Cabildo de Fuerteventura se compromete tambi\u00e9n a promover acciones de sensibilizaci\u00f3n y cooperaci\u00f3n internacional desde el \u00e1mbito local.<\/p>\n<p>Se dar\u00e1 traslado de este acuerdo al Gobierno de Espa\u00f1a, al Parlamento Europeo, a Naciones Unidas, a la Embajada del Estado de Palestina y a la Federaci\u00f3n Espa\u00f1ola de Municipios y Provincias (FEMP).<\/p>\n<\/div>\n","protected":false},"excerpt":{"rendered":"<p>26 septiembre, 2025 La Corporaci\u00f3n insular reclama la paralizaci\u00f3n inmediata del genocidio que se est\u00e1 llevando a cabo, as\u00ed como la liberaci\u00f3n de rehenes y el acceso seguro a la [&hellip;]<\/p>\n","protected":false},"author":1,"featured_media":11381,"comment_status":"open","ping_status":"open","sticky":false,"template":"","format":"standard","meta":{"inline_featured_image":false,"jnews-multi-image_gallery":[],"jnews_single_post":[],"jnews_primary_category":[],"jnews_social_meta":[],"jnews_override_counter":[],"jnews_post_split":[],"footnotes":""},"categories":[58],"tags":[82,65],"class_list":["post-11379","post","type-post","status-publish","format-standard","has-post-thumbnail","hentry","category-cabildo","tag-fuerteventura","tag-municipios"],"jetpack_featured_media_url":"https:\/\/informacionlocal.es\/wp-content\/uploads\/2025\/09\/1758881949-9ba424b224f0e568e233aaa2be5f52e4.jpg","_links":{"self":[{"href":"https:\/\/informacionlocal.es\/de\/wp-json\/wp\/v2\/posts\/11379","targetHints":{"allow":["GET"]}}],"collection":[{"href":"https:\/\/informacionlocal.es\/de\/wp-json\/wp\/v2\/posts"}],"about":[{"href":"https:\/\/informacionlocal.es\/de\/wp-json\/wp\/v2\/types\/post"}],"author":[{"embeddable":true,"href":"https:\/\/informacionlocal.es\/de\/wp-json\/wp\/v2\/users\/1"}],"replies":[{"embeddable":true,"href":"https:\/\/informacionlocal.es\/de\/wp-json\/wp\/v2\/comments?post=11379"}],"version-history":[{"count":0,"href":"https:\/\/informacionlocal.es\/de\/wp-json\/wp\/v2\/posts\/11379\/revisions"}],"wp:featuredmedia":[{"embeddable":true,"href":"https:\/\/informacionlocal.es\/de\/wp-json\/wp\/v2\/media\/11381"}],"wp:attachment":[{"href":"https:\/\/informacionlocal.es\/de\/wp-json\/wp\/v2\/media?parent=11379"}],"wp:term":[{"taxonomy":"category","embeddable":true,"href":"https:\/\/informacionlocal.es\/de\/wp-json\/wp\/v2\/categories?post=11379"},{"taxonomy":"post_tag","embeddable":true,"href":"https:\/\/informacionlocal.es\/de\/wp-json\/wp\/v2\/tags?post=11379"}],"curies":[{"name":"wp","href":"https:\/\/api.w.org\/{rel}","templated":true}]}}