{"id":11355,"date":"2025-09-25T18:01:00","date_gmt":"2025-09-25T17:01:00","guid":{"rendered":"https:\/\/informacionlocal.es\/con-las-tardes-de-otono-en-antigua-llega-candil-de-cuentos\/"},"modified":"2025-09-25T18:01:00","modified_gmt":"2025-09-25T17:01:00","slug":"con-las-tardes-de-otono-en-antigua-llega-candil-de-cuentos","status":"publish","type":"post","link":"https:\/\/informacionlocal.es\/de\/con-las-tardes-de-otono-en-antigua-llega-candil-de-cuentos\/","title":{"rendered":"Con las tardes de oto\u00f1o en Antigua llega Candil de Cuentos"},"content":{"rendered":"<div class=\"elementor-widget-container\">\n<p><strong>Con las tardes de oto\u00f1o en Antigua llega Candil de Cuentos<\/strong><\/p>\n<p><strong>\u2022 El especiero del patio majorero de la Biblioteca de Antigua sabe de la llegada del oto\u00f1o, y escucha las voces que anuncian el comienzo cada tarde de viernes de este mes de octubre, de la quinta edici\u00f3n de Candil de Cuentos, presentado hoy por el alcalde, el concejal y su impulsora art\u00edstica.<\/strong><\/p>\n<p>El alcalde, Mat\u00edas Pe\u00f1a y el concejal de Cultura, Jonathan Pe\u00f1a, apostaron por esta iniciativa desde el primer momento, consolidada cada a\u00f1o con un p\u00fablico asegurado que gusta de escuchar historias contadas, cantadas y teatralizadas, felicitando en cada edici\u00f3n a Gema Gutierrez Escobar, siempre con propuestas e ideas nuevas que dan color, enriquecen y sorprenden cada a\u00f1o.<\/p>\n<p>Felicito al concejal y a la t\u00e9cnica del departamento de Cultura de Antigua, por mantener y organizar esta quinta edici\u00f3n de Candil de Cuentos, y a\u00f1ade el alcalde Mat\u00edas Pe\u00f1a, considero que somos afortunados de contar con una persona con la energ\u00eda, positividad y compromiso con la narraci\u00f3n oral, que demuestra Gema Gutierrez con su implicaci\u00f3n e ilusi\u00f3n en cada nueva propuesta.<\/p>\n<p>Gema Gutierrez Escobar como promotora original de este encuentro o GemaGe como artista creativa e interpretativa, impartir\u00e1 en esta ocasi\u00f3n los talleres sobre el Arte de Contar Historias, cada jueves por la tarde en la tranquilidad que ofrece la casa canaria que es la Biblioteca de Antigua, detalla el concejal Jonathan Pe\u00f1a, recordando que estos talleres son gratuitos y tan solo requieren una inscripci\u00f3n previa en el email biblioteca@ayto-antigua.es o llamando en horario de tarde al 928549663.<\/p>\n<p>La misma direcci\u00f3n y tel\u00e9fono para reservar plaza hasta cubrir el aforo limitado que ofrece el Patio de El Port\u00f3n, y a\u00f1ade el concejal, comenzando el 3 de octubre, el viernes de la pr\u00f3xima semana, siempre a las 19:30 horas, Marianexy Yanes &amp; Levis Aliaga con Cuentos er\u00f3ticos y algo m\u00e1s, sigui\u00e9ndoles cada viernes por este orden, Fabio Gonz\u00e1lez con El Soldado que enga\u00f1\u00f3 a la Muerte, Isabel Cabrera con Pan, Pl\u00e1tano y perras palcine, Antonio L\u00f3pez con Cuentos de la vida misma y colof\u00f3n final lleno de sorpresas, historias y m\u00fasica de la mano de Aceysele Chacon y Gema Ge, entre otras.<\/p>\n<p>\u00a0<\/p>\n<\/div>\n","protected":false},"excerpt":{"rendered":"<p><strong>Con las tardes de oto\u00f1o en Antigua llega Candil de Cuentos<\/strong><\/p>\n","protected":false},"author":1,"featured_media":11357,"comment_status":"open","ping_status":"open","sticky":false,"template":"","format":"standard","meta":{"inline_featured_image":false,"jnews-multi-image_gallery":[],"jnews_single_post":[],"jnews_primary_category":[],"jnews_social_meta":[],"jnews_override_counter":[],"jnews_post_split":[],"footnotes":""},"categories":[59],"tags":[],"class_list":["post-11355","post","type-post","status-publish","format-standard","has-post-thumbnail","hentry","category-antigua"],"jetpack_featured_media_url":"https:\/\/informacionlocal.es\/wp-content\/uploads\/2025\/09\/presentacion-en-antigua-del-v-candil-de-cuentos-2-scaled-1.jpg","_links":{"self":[{"href":"https:\/\/informacionlocal.es\/de\/wp-json\/wp\/v2\/posts\/11355","targetHints":{"allow":["GET"]}}],"collection":[{"href":"https:\/\/informacionlocal.es\/de\/wp-json\/wp\/v2\/posts"}],"about":[{"href":"https:\/\/informacionlocal.es\/de\/wp-json\/wp\/v2\/types\/post"}],"author":[{"embeddable":true,"href":"https:\/\/informacionlocal.es\/de\/wp-json\/wp\/v2\/users\/1"}],"replies":[{"embeddable":true,"href":"https:\/\/informacionlocal.es\/de\/wp-json\/wp\/v2\/comments?post=11355"}],"version-history":[{"count":0,"href":"https:\/\/informacionlocal.es\/de\/wp-json\/wp\/v2\/posts\/11355\/revisions"}],"wp:featuredmedia":[{"embeddable":true,"href":"https:\/\/informacionlocal.es\/de\/wp-json\/wp\/v2\/media\/11357"}],"wp:attachment":[{"href":"https:\/\/informacionlocal.es\/de\/wp-json\/wp\/v2\/media?parent=11355"}],"wp:term":[{"taxonomy":"category","embeddable":true,"href":"https:\/\/informacionlocal.es\/de\/wp-json\/wp\/v2\/categories?post=11355"},{"taxonomy":"post_tag","embeddable":true,"href":"https:\/\/informacionlocal.es\/de\/wp-json\/wp\/v2\/tags?post=11355"}],"curies":[{"name":"wp","href":"https:\/\/api.w.org\/{rel}","templated":true}]}}