{"id":1133,"date":"2025-04-10T22:42:10","date_gmt":"2025-04-10T22:42:10","guid":{"rendered":"https:\/\/informacionlocal.es\/das-cabildo-von-fuerteventura-foerdert-das-innovative-ausbildungsprogramm-fuer-familien-cre-ando-momentos\/"},"modified":"2025-04-14T09:46:15","modified_gmt":"2025-04-14T09:46:15","slug":"das-cabildo-von-fuerteventura-foerdert-das-innovative-ausbildungsprogramm-fuer-familien-cre-ando-momentos","status":"publish","type":"post","link":"https:\/\/informacionlocal.es\/de\/das-cabildo-von-fuerteventura-foerdert-das-innovative-ausbildungsprogramm-fuer-familien-cre-ando-momentos\/","title":{"rendered":"Das Cabildo von Fuerteventura f\u00f6rdert das innovative Ausbildungsprogramm f\u00fcr Familien &#8222;cre-ANDO momentos&#8220;."},"content":{"rendered":"<div class=\"inner-box\">\n<figure class=\"image-box\"><img fetchpriority=\"high\" decoding=\"async\" width=\"730\" height=\"500\" src=\"https:\/\/informacionlocal.es\/wp-content\/uploads\/2025\/04\/whatsapp-image-2024-10-11-at-13-32-50-730x500-2.jpeg\" class=\"attachment-whitehall_730x500 size-whitehall_730x500 wp-post-image\" title=\"whatsapp-image-2024-10-11-at-13-32-50-730x500-2\"><\/figure>\n<div class=\"post-date\">\n<h3>11Okt<span>&#8217;24<\/span><\/h3>\n<\/div>\n<div class=\"lower-content\">\n<div class=\"category\">Nachrichten, Ank\u00fcndigungen<\/div>\n<ul class=\"post-info clearfix\">\n<li>Presse<\/li>\n<li>0 Kommentar<\/li>\n<\/ul>\n<\/div>\n<p>Das Cabildo de Fuerteventura startet \u00fcber den Dienst f\u00fcr Information und Suchtpr\u00e4vention (SIPA), den Bereich f\u00fcr soziale Ma\u00dfnahmen, unter der Leitung von V\u00edctor Alonso und in Zusammenarbeit mit den Stadtverwaltungen von Antigua, Betancuria und Tuineje die Initiative &#8222;cre-ANDO momentos&#8220;. Dabei handelt es sich um ein innovatives und individuelles Angebot f\u00fcr Familien, das in den Monaten Oktober und November an den Nachmittagen stattfindet. <\/p>\n<p>Das Projekt wurde mit dem Ziel entwickelt, Familien (M\u00fcttern, V\u00e4tern, Gro\u00dfeltern, Tanten und Onkeln oder anderen Erwachsenen, die an der Erziehung beteiligt sind) spezifische Erfahrungen und Erlebnisse zu vermitteln, die an die tats\u00e4chlichen Bed\u00fcrfnisse der Gemeinschaft angepasst sind.<\/p>\n<p>In einer ersten Phase des Projekts werden die Anforderungen und Bed\u00fcrfnisse der Familien in diesen Gemeinden ermittelt. Die Meinung der Teilnehmer ist entscheidend f\u00fcr die Gestaltung eines erlebnisorientierten Programms, das ihren Erwartungen und t\u00e4glichen Herausforderungen wirklich gerecht wird. <\/p>\n<p>Cre-ANDO Moments&#8220; zeichnet sich durch einen dynamischen und praktischen Ansatz aus, der unter dem Motto &#8222;Moving towards wellbeing as a family&#8220; steht. Die Veranstaltung bietet interaktive Aktivit\u00e4ten und n\u00fctzliche Tools, die es den Teilnehmern erm\u00f6glichen, sich nicht nur Wissen anzueignen, sondern auch den Lernprozess in einer gemeinschaftlichen Umgebung zu genie\u00dfen. <\/p>\n<p>Die Pl\u00e4tze f\u00fcr die Teilnahme an dieser Initiative sind <strong>begrenzt<\/strong> und das Interesse der Familien ist bereits sehr gro\u00df, so dass Interessierte gebeten werden, sich so schnell wie m\u00f6glich anzumelden. Dies ist eine <strong>einzigartige und<\/strong> <strong>kostenlose<\/strong> <strong>Gelegenheit<\/strong>, die Erziehung und Entwicklung im famili\u00e4ren Umfeld mit Unterst\u00fctzung von Fachleuten und einem an die jeweilige Realit\u00e4t angepassten Ansatz zu f\u00f6rdern. <\/p>\n<p>Weitere Informationen und die M\u00f6glichkeit zur Teilnahme finden Sie auf dem Formular, das Sie unter dem obigen Link (https:\/\/docs.google.com\/forms\/d\/1gEOtDGy3mkaG9LLbTiMUGA5Slr7SXXM5_rwqBCJSUMw\/edit ) finden. Bei weiteren Fragen wenden Sie sich bitte an: creandomomentosftv@gmail.com <\/p>\n<\/div>\n","protected":false},"excerpt":{"rendered":"<p>11Okt&#8217;24 Nachrichten, Ank\u00fcndigungen Presse 0 Kommentar Das Cabildo de Fuerteventura startet \u00fcber den Dienst f\u00fcr Information und Suchtpr\u00e4vention (SIPA), den Bereich f\u00fcr soziale Ma\u00dfnahmen, unter der Leitung von V\u00edctor Alonso [&hellip;]<\/p>\n","protected":false},"author":1,"featured_media":732,"comment_status":"open","ping_status":"open","sticky":false,"template":"","format":"standard","meta":{"inline_featured_image":false,"jnews-multi-image_gallery":[],"jnews_single_post":[],"jnews_primary_category":[],"jnews_social_meta":[],"jnews_override_counter":[],"jnews_post_split":[],"footnotes":""},"categories":[287],"tags":[214,216,196,213,243],"class_list":["post-1133","post","type-post","status-publish","format-standard","has-post-thumbnail","hentry","category-cabildo-de","tag-bildung","tag-fuerteventura-de","tag-gemeinden","tag-integration-de","tag-sozialhilfe"],"jetpack_featured_media_url":"https:\/\/informacionlocal.es\/wp-content\/uploads\/2025\/04\/whatsapp-image-2024-10-11-at-13-32-50-730x500-1.jpeg","_links":{"self":[{"href":"https:\/\/informacionlocal.es\/de\/wp-json\/wp\/v2\/posts\/1133","targetHints":{"allow":["GET"]}}],"collection":[{"href":"https:\/\/informacionlocal.es\/de\/wp-json\/wp\/v2\/posts"}],"about":[{"href":"https:\/\/informacionlocal.es\/de\/wp-json\/wp\/v2\/types\/post"}],"author":[{"embeddable":true,"href":"https:\/\/informacionlocal.es\/de\/wp-json\/wp\/v2\/users\/1"}],"replies":[{"embeddable":true,"href":"https:\/\/informacionlocal.es\/de\/wp-json\/wp\/v2\/comments?post=1133"}],"version-history":[{"count":1,"href":"https:\/\/informacionlocal.es\/de\/wp-json\/wp\/v2\/posts\/1133\/revisions"}],"predecessor-version":[{"id":1470,"href":"https:\/\/informacionlocal.es\/de\/wp-json\/wp\/v2\/posts\/1133\/revisions\/1470"}],"wp:featuredmedia":[{"embeddable":true,"href":"https:\/\/informacionlocal.es\/de\/wp-json\/wp\/v2\/media\/732"}],"wp:attachment":[{"href":"https:\/\/informacionlocal.es\/de\/wp-json\/wp\/v2\/media?parent=1133"}],"wp:term":[{"taxonomy":"category","embeddable":true,"href":"https:\/\/informacionlocal.es\/de\/wp-json\/wp\/v2\/categories?post=1133"},{"taxonomy":"post_tag","embeddable":true,"href":"https:\/\/informacionlocal.es\/de\/wp-json\/wp\/v2\/tags?post=1133"}],"curies":[{"name":"wp","href":"https:\/\/api.w.org\/{rel}","templated":true}]}}