{"id":1130,"date":"2025-04-10T22:16:16","date_gmt":"2025-04-10T22:16:16","guid":{"rendered":"https:\/\/informacionlocal.es\/das-cabildo-von-fuerteventura-oeffnet-den-aufruf-zur-einreichung-von-bewerbungen-fuer-praktikumsstipendien\/"},"modified":"2025-04-14T10:00:51","modified_gmt":"2025-04-14T10:00:51","slug":"das-cabildo-von-fuerteventura-oeffnet-den-aufruf-zur-einreichung-von-bewerbungen-fuer-praktikumsstipendien","status":"publish","type":"post","link":"https:\/\/informacionlocal.es\/de\/das-cabildo-von-fuerteventura-oeffnet-den-aufruf-zur-einreichung-von-bewerbungen-fuer-praktikumsstipendien\/","title":{"rendered":"Das Cabildo von Fuerteventura \u00f6ffnet den Aufruf zur Einreichung von Bewerbungen f\u00fcr Praktikumsstipendien"},"content":{"rendered":"<div class=\"entry-content\"><strong>9 April, 2025<\/strong><\/p>\n<p class=\"p1\"><span class=\"s1\"><i>Interessierte k\u00f6nnen ihre Bewerbungen bis zum 25. April \u00fcber die folgende Website einreichen <\/i><span class=\"s2\"><i>becaspracticas.cabildofuer.es<\/i><\/span><\/span><\/p>\n<p class=\"p3\"><span class=\"s1\">Das Cabildo de Fuerteventura hat \u00fcber das Bildungsministerium die Ausschreibung f\u00fcr seine Praktikumsstipendien er\u00f6ffnet, die sich an Studenten der Berufsausbildung und des Hochschulstudiums richten, die in diesem akademischen Jahr ihr Studium abschlie\u00dfen. Interessierte k\u00f6nnen ihre Bewerbungen bis zum 25. April auf der Website <span class=\"s3\">becaspracticas.cabildofuer.es<\/span> einreichen. <\/span><\/p>\n<p class=\"p3\"><span class=\"s1\">Die Pr\u00e4sidentin des Cabildo, Lola Garc\u00eda, hebt den Wert eines bahnbrechenden Programms hervor, das seit mehr als zwanzig Jahren mehr als 3.000 Studenten eine Arbeitsm\u00f6glichkeit bietet. Das Programm erm\u00f6glicht ihnen einen ersten Zugang zum Arbeitsmarkt, indem sie ihre Praktika nicht nur in der Stadtverwaltung, sondern auch in Stadtverwaltungen und anderen kooperierenden Einrichtungen absolvieren. <\/span><\/p>\n<p class=\"p3\"><span class=\"s1\">&#8222;Die Ausbildung unserer Jugendlichen ist eine der Hauptpriorit\u00e4ten dieser K\u00f6rperschaft. Wir ermutigen und unterst\u00fctzen die Jugend der Insel, damit sie eine angemessene Ausbildung f\u00fcr ihre Eingliederung in den Arbeitsmarkt erhalten&#8220;, sagt die Stadtr\u00e4tin f\u00fcr Bildung, Adargoma Hern\u00e1ndez.  <\/span><\/p>\n<p class=\"p3\"><span class=\"s1\">Alle Informationen \u00fcber die Stipendien f\u00fcr Praktika k\u00f6nnen unter<span class=\"Apple-converted-space\">  <\/span><span class=\"s3\">educacion@cabildofuer.es<\/span> oder unter der Telefonnummer 928 86 24 78 abgerufen werden.<\/span><\/p>\n<\/div>\n","protected":false},"excerpt":{"rendered":"<p>9 April, 2025 Interessierte k\u00f6nnen ihre Bewerbungen bis zum 25. April \u00fcber die folgende Website einreichen becaspracticas.cabildofuer.es Das Cabildo de Fuerteventura hat \u00fcber das Bildungsministerium die Ausschreibung f\u00fcr seine Praktikumsstipendien [&hellip;]<\/p>\n","protected":false},"author":1,"featured_media":729,"comment_status":"open","ping_status":"open","sticky":false,"template":"","format":"standard","meta":{"inline_featured_image":false,"jnews-multi-image_gallery":[],"jnews_single_post":[],"jnews_primary_category":[],"jnews_social_meta":[],"jnews_override_counter":[],"jnews_post_split":[],"footnotes":""},"categories":[287],"tags":[242,215,214,216,196],"class_list":["post-1130","post","type-post","status-publish","format-standard","has-post-thumbnail","hentry","category-cabildo-de","tag-aufforderungen-zur-einreichung-von-bewerbungen","tag-beschaftigung-und-ausbildung","tag-bildung","tag-fuerteventura-de","tag-gemeinden"],"jetpack_featured_media_url":"https:\/\/informacionlocal.es\/wp-content\/uploads\/2025\/04\/becas.jpeg","_links":{"self":[{"href":"https:\/\/informacionlocal.es\/de\/wp-json\/wp\/v2\/posts\/1130","targetHints":{"allow":["GET"]}}],"collection":[{"href":"https:\/\/informacionlocal.es\/de\/wp-json\/wp\/v2\/posts"}],"about":[{"href":"https:\/\/informacionlocal.es\/de\/wp-json\/wp\/v2\/types\/post"}],"author":[{"embeddable":true,"href":"https:\/\/informacionlocal.es\/de\/wp-json\/wp\/v2\/users\/1"}],"replies":[{"embeddable":true,"href":"https:\/\/informacionlocal.es\/de\/wp-json\/wp\/v2\/comments?post=1130"}],"version-history":[{"count":1,"href":"https:\/\/informacionlocal.es\/de\/wp-json\/wp\/v2\/posts\/1130\/revisions"}],"predecessor-version":[{"id":1638,"href":"https:\/\/informacionlocal.es\/de\/wp-json\/wp\/v2\/posts\/1130\/revisions\/1638"}],"wp:featuredmedia":[{"embeddable":true,"href":"https:\/\/informacionlocal.es\/de\/wp-json\/wp\/v2\/media\/729"}],"wp:attachment":[{"href":"https:\/\/informacionlocal.es\/de\/wp-json\/wp\/v2\/media?parent=1130"}],"wp:term":[{"taxonomy":"category","embeddable":true,"href":"https:\/\/informacionlocal.es\/de\/wp-json\/wp\/v2\/categories?post=1130"},{"taxonomy":"post_tag","embeddable":true,"href":"https:\/\/informacionlocal.es\/de\/wp-json\/wp\/v2\/tags?post=1130"}],"curies":[{"name":"wp","href":"https:\/\/api.w.org\/{rel}","templated":true}]}}