{"id":11281,"date":"2025-09-24T19:02:56","date_gmt":"2025-09-24T18:02:56","guid":{"rendered":"https:\/\/informacionlocal.es\/el-ayuntamiento-de-puerto-del-rosario-y-meracas-firman-el-convenio-para-celebrar-el-42o-memorial-ramon-castaneyra\/"},"modified":"2025-09-24T19:02:56","modified_gmt":"2025-09-24T18:02:56","slug":"el-ayuntamiento-de-puerto-del-rosario-y-meracas-firman-el-convenio-para-celebrar-el-42o-memorial-ramon-castaneyra","status":"publish","type":"post","link":"https:\/\/informacionlocal.es\/de\/el-ayuntamiento-de-puerto-del-rosario-y-meracas-firman-el-convenio-para-celebrar-el-42o-memorial-ramon-castaneyra\/","title":{"rendered":"El Ayuntamiento de Puerto del Rosario y MERACAS firman el convenio para celebrar el 42\u00ba Memorial Ram\u00f3n Casta\u00f1eyra"},"content":{"rendered":"<div class=\"entry-content\">\n<ul>\n<li><span><strong>El acuerdo, dotado con 12.000 euros, garantiza la continuidad de uno de los eventos deportivos y sociales m\u00e1s emblem\u00e1ticos de las Fiestas del Rosario, que este a\u00f1o reunir\u00e1 a 51 equipos y cientos de aficionados en torno al baloncesto.<\/strong><\/span><\/li>\n<\/ul>\n<p><span><strong>\u00a0<\/strong><\/span><span><strong>En Puerto del Rosario, a 24 de septiembre de 2025.-<\/strong> Este mi\u00e9rcoles se llev\u00f3 a cabo la firma del Convenio de Colaboraci\u00f3n entre el Ayuntamiento de Puerto del Rosario y el Grupo de Recreaci\u00f3n Deportiva MERACAS para la celebraci\u00f3n del 42\u00ba Memorial Ram\u00f3n Casta\u00f1eyra G\u00f3ngora. La r\u00fabrica tuvo lugar en dependencias municipales y cont\u00f3 con la presencia del alcalde, David de Vera, el concejal de Deportes, Luis Chac\u00f3n, y en representaci\u00f3n del colectivo MERACAS, Janey Casta\u00f1eyra.<\/span><\/p>\n<p><span>El acuerdo contempla una subvenci\u00f3n nominativa de 12.000 euros para apoyar la organizaci\u00f3n de este torneo, nacido en 1983 como las \u201c24 Horas de Baloncesto\u201d y que, desde 1984, lleva el nombre de Ram\u00f3n Casta\u00f1eyra. Con m\u00e1s de cuatro d\u00e9cadas de historia, este memorial se ha consolidado como un referente deportivo y social en la isla, al conjugar deporte, convivencia y memoria.<\/span><\/p>\n<p><img loading=\"lazy\" decoding=\"async\" loading=\"lazy\" class=\"size-large wp-image-157113 aligncenter\" src=\"https:\/\/informacionlocal.es\/wp-content\/uploads\/2025\/09\/convenio-meracas-1024x768-1.jpeg\" width=\"1024\" height=\"768\" title=\"convenio-meracas-1024x768-1\"><\/p>\n<p><span>El alcalde de Puerto del Rosario, David de Vera, valor\u00f3 la firma de este convenio que \u201crefleja la importancia de seguir apoyando a los colectivos que mantienen vivas las tradiciones. El Memorial Ram\u00f3n Casta\u00f1eyra no es solo un torneo de baloncesto, es una cita que re\u00fane a generaciones, familias y amigos en torno a los valores de respeto, compa\u00f1erismo y esfuerzo. Desde el Ayuntamiento queremos agradecer a MERACAS su entrega y compromiso durante todos estos a\u00f1os\u201d.<\/span><\/p>\n<p><span>Por su parte, el concejal de Deportes, Luis Chac\u00f3n, a\u00f1adi\u00f3 que \u201ceste evento es un ejemplo de c\u00f3mo el deporte trasciende lo puramente competitivo para convertirse en un punto de encuentro para toda la ciudadan\u00eda. Hablamos de m\u00e1s de 40 horas de baloncesto ininterrumpido, con categor\u00edas que van desde el minibasket hasta veteranos, lo que demuestra la enorme capacidad de convocatoria del Memorial. Nuestro apoyo pretende que siga creciendo y consolid\u00e1ndose como la gran fiesta del baloncesto majorero\u201d.<\/span><\/p>\n<p><span>Desde MERACAS, Janey Casta\u00f1eyra se\u00f1al\u00f3 que \u201cestamos muy contentos con la respuesta y la participaci\u00f3n de los equipos. Como cada a\u00f1o, invitamos a toda la ciudadan\u00eda a sumarse y disfrutar de esta fiesta del baloncesto majorero, que es tambi\u00e9n un homenaje a la memoria de Ram\u00f3n\u201d.<\/span><img loading=\"lazy\" decoding=\"async\" loading=\"lazy\" class=\"size-large wp-image-157112 aligncenter\" src=\"https:\/\/informacionlocal.es\/wp-content\/uploads\/2025\/09\/calendario-42-memorial-2025_page-0001-724x1024-1.jpg\" width=\"724\" height=\"1024\" title=\"calendario-42-memorial-2025_page-0001-724x1024-1\"><\/p>\n<p><span>El programa arranca este jueves, 25 de septiembre, a las 18:00 horas en el Pabell\u00f3n Municipal Oasis con la primera ronda de partidos. El viernes continuar\u00e1 la fase inicial, mientras que el s\u00e1bado por la ma\u00f1ana tendr\u00e1 lugar el Encuentro de Minibasket, en el que participar\u00e1n entre 60 y 80 ni\u00f1os de diferentes clubes y escuelas (nacidos desde 2014 en adelante).<\/span><\/p>\n<p><span>A partir de la tarde del s\u00e1bado, el pabell\u00f3n vivir\u00e1 27 horas consecutivas de baloncesto, que culminar\u00e1n el domingo con las finales a partir de las 11:00 horas. En total, ser\u00e1n 51 equipos en categor\u00edas infantil, cadete, senior femenino, senior masculino y veteranos, sumando unas 40 horas de baloncesto.<\/span><\/p>\n<\/div>\n","protected":false},"excerpt":{"rendered":"<p>El acuerdo, dotado con 12.000 euros, garantiza la continuidad de uno de los eventos deportivos y sociales m\u00e1s emblem\u00e1ticos de las Fiestas del Rosario, que este a\u00f1o reunir\u00e1 a 51 [&hellip;]<\/p>\n","protected":false},"author":1,"featured_media":11283,"comment_status":"open","ping_status":"open","sticky":false,"template":"","format":"standard","meta":{"inline_featured_image":false,"jnews-multi-image_gallery":[],"jnews_single_post":[],"jnews_primary_category":[],"jnews_social_meta":[],"jnews_override_counter":[],"jnews_post_split":[],"footnotes":""},"categories":[61],"tags":[69],"class_list":["post-11281","post","type-post","status-publish","format-standard","has-post-thumbnail","hentry","category-puerto-del-rosario","tag-eventos"],"jetpack_featured_media_url":"https:\/\/informacionlocal.es\/wp-content\/uploads\/2025\/09\/convenio.png","_links":{"self":[{"href":"https:\/\/informacionlocal.es\/de\/wp-json\/wp\/v2\/posts\/11281","targetHints":{"allow":["GET"]}}],"collection":[{"href":"https:\/\/informacionlocal.es\/de\/wp-json\/wp\/v2\/posts"}],"about":[{"href":"https:\/\/informacionlocal.es\/de\/wp-json\/wp\/v2\/types\/post"}],"author":[{"embeddable":true,"href":"https:\/\/informacionlocal.es\/de\/wp-json\/wp\/v2\/users\/1"}],"replies":[{"embeddable":true,"href":"https:\/\/informacionlocal.es\/de\/wp-json\/wp\/v2\/comments?post=11281"}],"version-history":[{"count":0,"href":"https:\/\/informacionlocal.es\/de\/wp-json\/wp\/v2\/posts\/11281\/revisions"}],"wp:featuredmedia":[{"embeddable":true,"href":"https:\/\/informacionlocal.es\/de\/wp-json\/wp\/v2\/media\/11283"}],"wp:attachment":[{"href":"https:\/\/informacionlocal.es\/de\/wp-json\/wp\/v2\/media?parent=11281"}],"wp:term":[{"taxonomy":"category","embeddable":true,"href":"https:\/\/informacionlocal.es\/de\/wp-json\/wp\/v2\/categories?post=11281"},{"taxonomy":"post_tag","embeddable":true,"href":"https:\/\/informacionlocal.es\/de\/wp-json\/wp\/v2\/tags?post=11281"}],"curies":[{"name":"wp","href":"https:\/\/api.w.org\/{rel}","templated":true}]}}