{"id":11271,"date":"2025-09-24T18:00:44","date_gmt":"2025-09-24T17:00:44","guid":{"rendered":"https:\/\/informacionlocal.es\/costa-calma-celebra-una-nueva-edicion-del-oktoberfest-que-incluye-musica-tradicion-y-gastronomia-alemana\/"},"modified":"2025-09-24T18:00:44","modified_gmt":"2025-09-24T17:00:44","slug":"costa-calma-celebra-una-nueva-edicion-del-oktoberfest-que-incluye-musica-tradicion-y-gastronomia-alemana","status":"publish","type":"post","link":"https:\/\/informacionlocal.es\/de\/costa-calma-celebra-una-nueva-edicion-del-oktoberfest-que-incluye-musica-tradicion-y-gastronomia-alemana\/","title":{"rendered":"Costa Calma celebra una nueva edici\u00f3n del Oktoberfest, que incluye m\u00fasica, tradici\u00f3n y gastronom\u00eda alemana"},"content":{"rendered":"<div class=\"entry-content\">\n<p><b><i>Organizado por el Ayuntamiento de P\u00e1jara, el evento tendr\u00e1 lugar del 3 al 5 de octubre en el aparcamiento del hotel M\u00f3nica Beach\u00a0<\/i><\/b><\/p>\n<p><span>El Ayuntamiento de P\u00e1jara, a trav\u00e9s de la Concejal\u00eda de Comercio y Mercados, presenta la programaci\u00f3n del Oktoberfest 2025, que se celebrar\u00e1 del 3 al 5 de octubre en la Carpa Municipal, ubicada en los\u00a0 aparcamientos del hotel M\u00f3nica Beach, en Costa Calma.<\/span><\/p>\n<p><span>El concejal del \u00e1rea, Juan Jos\u00e9 Viera, invita a todos los vecinos, vecinas y visitantes a \u201cdisfrutar de una experiencia \u00fanica en la que se combina la cultura b\u00e1vara con el car\u00e1cter acogedor de nuestro municipio\u201d. Adem\u00e1s, a\u00f1ade que \u201cOktoberfest es tambi\u00e9n una oportunidad para impulsar el comercio local y fortalecer los lazos entre residentes y turistas, convirtiendo a Costa Calma en un referente de convivencia y tradici\u00f3n\u201d.\u00a0<\/span><\/p>\n<p><span>El evento comenzar\u00e1 el viernes 3 de octubre, a partir de las 19:00 horas, con el pasacalle de la Charanga Solfa, que recorrer\u00e1 las zonas comerciales hasta llegar al escenario principal del recinto. A las 20:00 horas se llevar\u00e1 a cabo el acto oficial de apertura, con la tradicional tirada de la primera cerveza a cargo del Alcalde y el concejal de Comercio. La noche continuar\u00e1 con las actuaciones de la orquesta Oktober Music Band, grupo Siroko, dj Miguel Dejota, hasta el cierre a las 02:00 horas.\u00a0<\/span><\/p>\n<p><span>El s\u00e1bado 4 de octubre, la programaci\u00f3n comenzar\u00e1 a las 12:00 horas con un tradicional desayuno b\u00e1varo y animaci\u00f3n musical. Adem\u00e1s, habr\u00e1 animaci\u00f3n a cargo de\u00a0 Dj Djingo Django y juegos tradicionales del festival de la cerveza. A las 19:00 horas, se abrir\u00e1 el servicio de cena tem\u00e1tica con productos t\u00edpicos acompa\u00f1ados de la actuaci\u00f3n de Charanga Fusi\u00f3n Band, Dj Naupe, Orquesta Oktober Music Band y Dj Miguel Dejota. El cierre ser\u00e1 a las 02:00 horas.\u00a0<\/span><\/p>\n<p><span>El domingo 5 de octubre se celebrar\u00e1 la jornada de clausura, que abrir\u00e1 a las 12:00 horas con desayuno y comida tradicional b\u00e1vara. Adem\u00e1s, habr\u00e1 animaci\u00f3n a cargo de Dj Miguel Dejota, juegos tradicionales y, a las 16:00 horas, la tirada de cerveza que pone fin al festival.<\/span><\/p>\n<p><img fetchpriority=\"high\" decoding=\"async\" class=\"alignnone size-medium wp-image-21025\" src=\"https:\/\/informacionlocal.es\/wp-content\/uploads\/2025\/09\/cartel-anunciador-oktoberfest-costacalama_page-0001-212x300-1.png\" width=\"212\" height=\"300\" title=\"cartel-anunciador-oktoberfest-costacalama_page-0001-212x300-1\"><\/p>\n<\/div>\n","protected":false},"excerpt":{"rendered":"<p><i>Organizado por el Ayuntamiento de P\u00e1jara, el evento tendr\u00e1 lugar del 3 al 5 de octubre en el aparcamiento del hotel M\u00f3nica Beach\u00a0<\/i><\/p>\n","protected":false},"author":1,"featured_media":11273,"comment_status":"open","ping_status":"open","sticky":false,"template":"","format":"standard","meta":{"inline_featured_image":false,"jnews-multi-image_gallery":[],"jnews_single_post":[],"jnews_primary_category":[],"jnews_social_meta":[],"jnews_override_counter":[],"jnews_post_split":[],"footnotes":""},"categories":[63],"tags":[],"class_list":["post-11271","post","type-post","status-publish","format-standard","has-post-thumbnail","hentry","category-pajara"],"jetpack_featured_media_url":"https:\/\/informacionlocal.es\/wp-content\/uploads\/2025\/09\/banner-digital.jpg","_links":{"self":[{"href":"https:\/\/informacionlocal.es\/de\/wp-json\/wp\/v2\/posts\/11271","targetHints":{"allow":["GET"]}}],"collection":[{"href":"https:\/\/informacionlocal.es\/de\/wp-json\/wp\/v2\/posts"}],"about":[{"href":"https:\/\/informacionlocal.es\/de\/wp-json\/wp\/v2\/types\/post"}],"author":[{"embeddable":true,"href":"https:\/\/informacionlocal.es\/de\/wp-json\/wp\/v2\/users\/1"}],"replies":[{"embeddable":true,"href":"https:\/\/informacionlocal.es\/de\/wp-json\/wp\/v2\/comments?post=11271"}],"version-history":[{"count":0,"href":"https:\/\/informacionlocal.es\/de\/wp-json\/wp\/v2\/posts\/11271\/revisions"}],"wp:featuredmedia":[{"embeddable":true,"href":"https:\/\/informacionlocal.es\/de\/wp-json\/wp\/v2\/media\/11273"}],"wp:attachment":[{"href":"https:\/\/informacionlocal.es\/de\/wp-json\/wp\/v2\/media?parent=11271"}],"wp:term":[{"taxonomy":"category","embeddable":true,"href":"https:\/\/informacionlocal.es\/de\/wp-json\/wp\/v2\/categories?post=11271"},{"taxonomy":"post_tag","embeddable":true,"href":"https:\/\/informacionlocal.es\/de\/wp-json\/wp\/v2\/tags?post=11271"}],"curies":[{"name":"wp","href":"https:\/\/api.w.org\/{rel}","templated":true}]}}