{"id":11253,"date":"2025-09-24T14:58:37","date_gmt":"2025-09-24T13:58:37","guid":{"rendered":"https:\/\/informacionlocal.es\/el-cabildo-de-fuerteventura-publica-el-informe-provisional-de-subvenciones-genericas-en-materia-de-deportes-de-2025\/"},"modified":"2025-09-24T14:58:37","modified_gmt":"2025-09-24T13:58:37","slug":"el-cabildo-de-fuerteventura-publica-el-informe-provisional-de-subvenciones-genericas-en-materia-de-deportes-de-2025","status":"publish","type":"post","link":"https:\/\/informacionlocal.es\/de\/el-cabildo-de-fuerteventura-publica-el-informe-provisional-de-subvenciones-genericas-en-materia-de-deportes-de-2025\/","title":{"rendered":"El Cabildo de Fuerteventura publica el informe provisional de subvenciones gen\u00e9ricas en materia de deportes de 2025"},"content":{"rendered":"<div class=\"entry-content\"><strong>24 septiembre, 2025<\/strong><\/p>\n<p><strong><em>El plazo de presentaci\u00f3n de aceptaci\u00f3n, disconformidad o<br \/>\nreformulaci\u00f3n es del 24 de septiembre al 08 de octubre, ambos inclusive<\/em><\/strong><\/p>\n<p>La Consejer\u00eda de Deportes, que dirige Luis Gonz\u00e1lez, comunica que<br \/>\nest\u00e1 publicado el informe provisional con las subvenciones en materia<br \/>\ndeportiva, de la presente anualidad, a disposici\u00f3n de cualquier persona<br \/>\ninteresada, siendo el plazo de presentaci\u00f3n de documentaci\u00f3n desde hoy<br \/>\nmi\u00e9rcoles, 24 de septiembre, hasta el pr\u00f3ximo mi\u00e9rcoles, 08 de octubre.<\/p>\n<p>Las personas interesadas pueden consultar el contenido de este<br \/>\nInforme Provisional del \u00d3rgano Colegiado en el tabl\u00f3n de anuncios y p\u00e1gina Web<br \/>\ndel Cabildo\u00a0http:\/\/www.cabildofuer.es\/cabildo\/atencion-al-ciudadano\/ayudas-subvenciones-y-becas, y<br \/>\npresentar la aceptaci\u00f3n expresa de la subvenci\u00f3n concedida, las alegaciones o<br \/>\nla posibilidad de reformulaci\u00f3n de la solicitud, para ajustar los compromisos y<br \/>\ncondiciones de la subvenci\u00f3n otorgable, atendiendo al modelo normalizado Anexo<br \/>\nIV.<\/p>\n<p>Para obtener m\u00e1s informaci\u00f3n al respecto hay que dirigirse a la<br \/>\nConsejer\u00eda de Deportes del Cabildo Insular, a trav\u00e9s del tel\u00e9fono 928 86 24 00<br \/>\no acudiendo a sus dependencias con cita previa (https:\/\/citaprevia.cabildofuer.es\/citaprevia\/?idCliente=2),<br \/>\nsituadas en el n\u00famero 1 de la calle Doctor Fleming de Puerto del Rosario.<\/p>\n<\/div>\n","protected":false},"excerpt":{"rendered":"<p>24 septiembre, 2025 El plazo de presentaci\u00f3n de aceptaci\u00f3n, disconformidad o reformulaci\u00f3n es del 24 de septiembre al 08 de octubre, ambos inclusive La Consejer\u00eda de Deportes, que dirige Luis [&hellip;]<\/p>\n","protected":false},"author":1,"featured_media":11255,"comment_status":"open","ping_status":"open","sticky":false,"template":"","format":"standard","meta":{"inline_featured_image":false,"jnews-multi-image_gallery":[],"jnews_single_post":[],"jnews_primary_category":[],"jnews_social_meta":[],"jnews_override_counter":[],"jnews_post_split":[],"footnotes":""},"categories":[58],"tags":[310],"class_list":["post-11253","post","type-post","status-publish","format-standard","has-post-thumbnail","hentry","category-cabildo","tag-deportes"],"jetpack_featured_media_url":"https:\/\/informacionlocal.es\/wp-content\/uploads\/2025\/09\/1758707803-b1f60588d5019124fa120a8540da479e.jpg","_links":{"self":[{"href":"https:\/\/informacionlocal.es\/de\/wp-json\/wp\/v2\/posts\/11253","targetHints":{"allow":["GET"]}}],"collection":[{"href":"https:\/\/informacionlocal.es\/de\/wp-json\/wp\/v2\/posts"}],"about":[{"href":"https:\/\/informacionlocal.es\/de\/wp-json\/wp\/v2\/types\/post"}],"author":[{"embeddable":true,"href":"https:\/\/informacionlocal.es\/de\/wp-json\/wp\/v2\/users\/1"}],"replies":[{"embeddable":true,"href":"https:\/\/informacionlocal.es\/de\/wp-json\/wp\/v2\/comments?post=11253"}],"version-history":[{"count":0,"href":"https:\/\/informacionlocal.es\/de\/wp-json\/wp\/v2\/posts\/11253\/revisions"}],"wp:featuredmedia":[{"embeddable":true,"href":"https:\/\/informacionlocal.es\/de\/wp-json\/wp\/v2\/media\/11255"}],"wp:attachment":[{"href":"https:\/\/informacionlocal.es\/de\/wp-json\/wp\/v2\/media?parent=11253"}],"wp:term":[{"taxonomy":"category","embeddable":true,"href":"https:\/\/informacionlocal.es\/de\/wp-json\/wp\/v2\/categories?post=11253"},{"taxonomy":"post_tag","embeddable":true,"href":"https:\/\/informacionlocal.es\/de\/wp-json\/wp\/v2\/tags?post=11253"}],"curies":[{"name":"wp","href":"https:\/\/api.w.org\/{rel}","templated":true}]}}