{"id":11231,"date":"2025-09-24T11:58:37","date_gmt":"2025-09-24T10:58:37","guid":{"rendered":"https:\/\/informacionlocal.es\/puerto-del-rosario-impulsa-la-movilidad-y-la-accesibilidad-en-la-semana-europea-de-la-movilidad\/"},"modified":"2025-09-24T11:58:37","modified_gmt":"2025-09-24T10:58:37","slug":"puerto-del-rosario-impulsa-la-movilidad-y-la-accesibilidad-en-la-semana-europea-de-la-movilidad","status":"publish","type":"post","link":"https:\/\/informacionlocal.es\/de\/puerto-del-rosario-impulsa-la-movilidad-y-la-accesibilidad-en-la-semana-europea-de-la-movilidad\/","title":{"rendered":"Puerto del Rosario impulsa la movilidad y la accesibilidad en la Semana Europea de la Movilidad"},"content":{"rendered":"<div class=\"entry-content\">\n<ul>\n<li><strong>La capital majorera pone en valor las mejoras en transporte p\u00fablico, infraestructuras viarias e itinerarios accesibles, avanzando hacia una ciudad m\u00e1s sostenible, inclusiva y segura.<\/strong><strong>\u00a0<\/strong><\/li>\n<\/ul>\n<p><strong>En Puerto del Rosario, a 24 de septiembre de 2025.-<\/strong> Con motivo de la Semana Europea de la Movilidad, el Ayuntamiento de Puerto del Rosario ha destacado las actuaciones llevadas a cabo en materia de transporte p\u00fablico, mejora de infraestructuras viarias e itinerarios peatonales accesibles con el objetivo de garantizar una movilidad universal para todos los ciudadanos.<\/p>\n<p>Una de las principales apuestas ha sido la puesta en marcha de un servicio de transporte p\u00fablico de calidad. La consolidaci\u00f3n de las l\u00edneas L2 y L3 y la reciente incorporaci\u00f3n de la L3-Sat\u00e9lite, que conectan de manera m\u00e1s eficiente barrios y puntos clave del municipio, ofreciendo alternativas reales al uso del veh\u00edculo privado.<\/p>\n<p>A ello se suman proyectos como la intervenci\u00f3n en la Avenida Andaluc\u00eda; las intervenciones espec\u00edficas en entornos escolares; la licitaci\u00f3n del Itinerario Peatonal Accesible L2, que unir\u00e1 Buenavista, Fabelo y La Charca, que generar\u00e1 recorridos c\u00f3modos y seguros para las personas con movilidad reducida; adem\u00e1s de las mejoras previstas en el entorno del Centro Comercial Las Rotondas, donde se habilitar\u00e1 un paso de peatones muy demandado por la ciudadan\u00eda.<\/p>\n<p><img loading=\"lazy\" decoding=\"async\" loading=\"lazy\" class=\"size-large wp-image-157109 aligncenter\" src=\"https:\/\/informacionlocal.es\/wp-content\/uploads\/2025\/09\/semana-de-la-movilidad-1-724x1024-1.jpeg\" width=\"724\" height=\"1024\" title=\"semana-de-la-movilidad-1-724x1024-1\"><\/p>\n<p>El alcalde de Puerto del Rosario, David de Vera, explic\u00f3 que \u201capostar por la movilidad y la accesibilidad no es solo mejorar el tr\u00e1fico o las conexiones, es caminar hacia un municipio m\u00e1s habitable, donde la calidad de vida de nuestros vecinos sea siempre nuestra prioridad. Queremos una ciudad que se adapte a las personas, y no al rev\u00e9s\u201d.<\/p>\n<p>Por su parte, la concejala de Movilidad y Accesibilidad, To\u00f1i Fdez. Arag\u00f3n, subray\u00f3 que \u201ccada paso que damos en esta materia refleja nuestro compromiso con una movilidad universal, pensada para todas y todos, y que contribuye a la cohesi\u00f3n social. No se trata solo de movernos mejor, sino de hacerlo de manera m\u00e1s segura, sostenible e inclusiva\u201d.<\/p>\n<p>En la misma l\u00ednea, el concejal de Transportes, Luis Chac\u00f3n, a\u00f1adi\u00f3 que \u201cconsolidar y ampliar nuestro transporte urbano es clave para reducir la dependencia del veh\u00edculo privado. La incorporaci\u00f3n de nuevas l\u00edneas y paradas responde directamente a las demandas vecinales y nos acerca a un modelo de movilidad m\u00e1s eficiente y respetuoso con el medio ambiente. Nuestro objetivo es que cada vecino y vecina pueda contar con un servicio p\u00fablico fiable, cercano y adaptado a sus necesidades diarias\u201d.<\/p>\n<p>Con estas actuaciones, el Ayuntamiento de Puerto del Rosario contin\u00faa trabajando hacia un modelo urbano moderno, sostenible y adaptado a las necesidades diarias de la ciudadan\u00eda.<\/p>\n<\/div>\n","protected":false},"excerpt":{"rendered":"<p>La capital majorera pone en valor las mejoras en transporte p\u00fablico, infraestructuras viarias e itinerarios accesibles, avanzando hacia una ciudad m\u00e1s sostenible, inclusiva y segura.\u00a0 En Puerto del Rosario, a [&hellip;]<\/p>\n","protected":false},"author":1,"featured_media":11233,"comment_status":"open","ping_status":"open","sticky":false,"template":"","format":"standard","meta":{"inline_featured_image":false,"jnews-multi-image_gallery":[],"jnews_single_post":[],"jnews_primary_category":[],"jnews_social_meta":[],"jnews_override_counter":[],"jnews_post_split":[],"footnotes":""},"categories":[61],"tags":[76,75],"class_list":["post-11231","post","type-post","status-publish","format-standard","has-post-thumbnail","hentry","category-puerto-del-rosario","tag-medio-ambiente","tag-transportes"],"jetpack_featured_media_url":"https:\/\/informacionlocal.es\/wp-content\/uploads\/2025\/09\/dia-europeo-movilidad.png","_links":{"self":[{"href":"https:\/\/informacionlocal.es\/de\/wp-json\/wp\/v2\/posts\/11231","targetHints":{"allow":["GET"]}}],"collection":[{"href":"https:\/\/informacionlocal.es\/de\/wp-json\/wp\/v2\/posts"}],"about":[{"href":"https:\/\/informacionlocal.es\/de\/wp-json\/wp\/v2\/types\/post"}],"author":[{"embeddable":true,"href":"https:\/\/informacionlocal.es\/de\/wp-json\/wp\/v2\/users\/1"}],"replies":[{"embeddable":true,"href":"https:\/\/informacionlocal.es\/de\/wp-json\/wp\/v2\/comments?post=11231"}],"version-history":[{"count":0,"href":"https:\/\/informacionlocal.es\/de\/wp-json\/wp\/v2\/posts\/11231\/revisions"}],"wp:featuredmedia":[{"embeddable":true,"href":"https:\/\/informacionlocal.es\/de\/wp-json\/wp\/v2\/media\/11233"}],"wp:attachment":[{"href":"https:\/\/informacionlocal.es\/de\/wp-json\/wp\/v2\/media?parent=11231"}],"wp:term":[{"taxonomy":"category","embeddable":true,"href":"https:\/\/informacionlocal.es\/de\/wp-json\/wp\/v2\/categories?post=11231"},{"taxonomy":"post_tag","embeddable":true,"href":"https:\/\/informacionlocal.es\/de\/wp-json\/wp\/v2\/tags?post=11231"}],"curies":[{"name":"wp","href":"https:\/\/api.w.org\/{rel}","templated":true}]}}