{"id":11225,"date":"2025-09-23T23:58:39","date_gmt":"2025-09-23T22:58:39","guid":{"rendered":"https:\/\/informacionlocal.es\/el-cabildo-ultima-dos-importantes-obras-hidraulicas-en-la-zona-sur-de-fuerteventura\/"},"modified":"2025-09-23T23:58:39","modified_gmt":"2025-09-23T22:58:39","slug":"el-cabildo-ultima-dos-importantes-obras-hidraulicas-en-la-zona-sur-de-fuerteventura","status":"publish","type":"post","link":"https:\/\/informacionlocal.es\/de\/el-cabildo-ultima-dos-importantes-obras-hidraulicas-en-la-zona-sur-de-fuerteventura\/","title":{"rendered":"El Cabildo ultima dos importantes obras hidr\u00e1ulicas en la zona sur de Fuerteventura"},"content":{"rendered":"<div class=\"entry-content\"><strong>23 septiembre, 2025<\/strong><\/p>\n<p><em><strong>La reforma y ampliaci\u00f3n de la Estaci\u00f3n de Bombeo de Marcos S\u00e1nchez y la construcci\u00f3n del Dep\u00f3sito de Guerime se encuentran ya en su fase final<\/strong><\/em><\/p>\n<p>El Cabildo de Fuerteventura impulsa dos infraestructuras clave para garantizar la seguridad h\u00eddrica y mejorar el suministro en la Isla. Se trata de la reforma y ampliaci\u00f3n de la Estaci\u00f3n de Bombeo de Marcos S\u00e1nchez y la construcci\u00f3n del Dep\u00f3sito de Guerime, ambas actuaciones ya en fase final de ejecuci\u00f3n.<\/p>\n<p>La Estaci\u00f3n de Bombeo de Marcos S\u00e1nchez se encuentra a punto de concluir su reforma y ampliaci\u00f3n con una inversi\u00f3n de 777.500 euros, que permitir\u00e1 optimizar la capacidad de impulsi\u00f3n y garantizar un transporte m\u00e1s eficiente del agua hacia los diferentes n\u00facleos poblacionales.<\/p>\n<p>Por su parte, el Dep\u00f3sito de Guerime se ha convertido en una obra hist\u00f3rica largamente esperada. Con una inversi\u00f3n de 1.767.852,26 euros, este nuevo dep\u00f3sito cabecera contar\u00e1 con una capacidad de 5.000 metros c\u00fabicos, dividido en dos vasos, lo que permitir\u00e1 reforzar la red de distribuci\u00f3n y ofrecer mayor estabilidad en el suministro de agua a los hogares y empresas del municipio de P\u00e1jara.<\/p>\n<p>La presidenta del Cabildo de Fuerteventura, Lola Garc\u00eda, destac\u00f3 que \u201ccon estas infraestructuras reforzamos la seguridad h\u00eddrica del sur de la Isla, atendiendo una demanda hist\u00f3rica de los vecinos y garantizando un recurso esencial como es el agua, clave para la calidad de vida de las familias y para el desarrollo econ\u00f3mico de Fuerteventura\u201d.<\/p>\n<p>Las obras son desarrolladas por el \u00e1rea de Infraestructuras de la Corporaci\u00f3n insular, que dirige Blas Acosta, en coordinaci\u00f3n con el Consorcio de Abastecimiento de Aguas a Fuerteventura.<\/p>\n<p>El consejero delegado del CAAF, Adargoma Hern\u00e1ndez, subray\u00f3 que \u201cla reforma de Marcos S\u00e1nchez y el dep\u00f3sito de Guerime forman parte de una estrategia integral para modernizar el sistema de abastecimiento insular, mejorando tanto la eficiencia como la capacidad de respuesta ante las necesidades de la poblaci\u00f3n\u201d.<\/p>\n<p>El alcalde de P\u00e1jara, Alejandro Jorge, ha valorado la importancia de estas inversiones: \u201cson proyectos fundamentales que aseguran un suministro estable y de calidad para el municipio de P\u00e1jara, beneficiando tanto a los vecinos como a sectores estrat\u00e9gicos como el turismo y la agricultura\u201d.<\/p>\n<p>El consejero de Obras P\u00fablicas y Agua, Alexis Alonso, expres\u00f3 que \u201ccon el dep\u00f3sito de Guerime se da respuesta a una demanda de d\u00e9cadas, una obra que marca un antes y un despu\u00e9s en la garant\u00eda del suministro de agua para nuestra gente\u201d.<\/p>\n<p><strong>Compromiso con el futuro<\/strong><\/p>\n<p>Estas actuaciones forman parte de la hoja de ruta del Cabildo de Fuerteventura y del CAAF para modernizar la red de abastecimiento, reducir p\u00e9rdidas y garantizar un suministro m\u00e1s estable, especialmente en las zonas con mayor crecimiento poblacional y tur\u00edstico.<\/p>\n<p>Con estas obras, Fuerteventura da un paso decisivo hacia un sistema h\u00eddrico m\u00e1s eficiente, sostenible y preparado para el futuro.<\/p>\n<\/div>\n","protected":false},"excerpt":{"rendered":"<p>23 septiembre, 2025 La reforma y ampliaci\u00f3n de la Estaci\u00f3n de Bombeo de Marcos S\u00e1nchez y la construcci\u00f3n del Dep\u00f3sito de Guerime se encuentran ya en su fase final El [&hellip;]<\/p>\n","protected":false},"author":1,"featured_media":11227,"comment_status":"open","ping_status":"open","sticky":false,"template":"","format":"standard","meta":{"inline_featured_image":false,"jnews-multi-image_gallery":[],"jnews_single_post":[],"jnews_primary_category":[],"jnews_social_meta":[],"jnews_override_counter":[],"jnews_post_split":[],"footnotes":""},"categories":[58],"tags":[82,181],"class_list":["post-11225","post","type-post","status-publish","format-standard","has-post-thumbnail","hentry","category-cabildo","tag-fuerteventura","tag-infraestructuras"],"jetpack_featured_media_url":"https:\/\/informacionlocal.es\/wp-content\/uploads\/2025\/09\/visitas.jpeg","_links":{"self":[{"href":"https:\/\/informacionlocal.es\/de\/wp-json\/wp\/v2\/posts\/11225","targetHints":{"allow":["GET"]}}],"collection":[{"href":"https:\/\/informacionlocal.es\/de\/wp-json\/wp\/v2\/posts"}],"about":[{"href":"https:\/\/informacionlocal.es\/de\/wp-json\/wp\/v2\/types\/post"}],"author":[{"embeddable":true,"href":"https:\/\/informacionlocal.es\/de\/wp-json\/wp\/v2\/users\/1"}],"replies":[{"embeddable":true,"href":"https:\/\/informacionlocal.es\/de\/wp-json\/wp\/v2\/comments?post=11225"}],"version-history":[{"count":0,"href":"https:\/\/informacionlocal.es\/de\/wp-json\/wp\/v2\/posts\/11225\/revisions"}],"wp:featuredmedia":[{"embeddable":true,"href":"https:\/\/informacionlocal.es\/de\/wp-json\/wp\/v2\/media\/11227"}],"wp:attachment":[{"href":"https:\/\/informacionlocal.es\/de\/wp-json\/wp\/v2\/media?parent=11225"}],"wp:term":[{"taxonomy":"category","embeddable":true,"href":"https:\/\/informacionlocal.es\/de\/wp-json\/wp\/v2\/categories?post=11225"},{"taxonomy":"post_tag","embeddable":true,"href":"https:\/\/informacionlocal.es\/de\/wp-json\/wp\/v2\/tags?post=11225"}],"curies":[{"name":"wp","href":"https:\/\/api.w.org\/{rel}","templated":true}]}}