{"id":11189,"date":"2025-09-23T16:58:34","date_gmt":"2025-09-23T15:58:34","guid":{"rendered":"https:\/\/informacionlocal.es\/caleta-de-fuste-acoge-este-sabado-la-ceremonia-de-entrega-de-premios-distinguidos-del-turismo-fuerteventura-2025\/"},"modified":"2025-09-23T16:58:34","modified_gmt":"2025-09-23T15:58:34","slug":"caleta-de-fuste-acoge-este-sabado-la-ceremonia-de-entrega-de-premios-distinguidos-del-turismo-fuerteventura-2025","status":"publish","type":"post","link":"https:\/\/informacionlocal.es\/de\/caleta-de-fuste-acoge-este-sabado-la-ceremonia-de-entrega-de-premios-distinguidos-del-turismo-fuerteventura-2025\/","title":{"rendered":"Caleta de Fuste acoge este s\u00e1bado la ceremonia de entrega de Premios Distinguidos del Turismo Fuerteventura 2025"},"content":{"rendered":"<div class=\"elementor-widget-container\">\n<p><strong>Caleta de Fuste acoge este s\u00e1bado la ceremonia de entrega de Premios Distinguidos del Turismo Fuerteventura 2025<\/strong><\/p>\n<p><strong>\u2022 Antigua vuelve a ser tras 9 a\u00f1os, municipio anfitri\u00f3n de los Premios Distinguidos de Turismo que no acog\u00eda como sede desde 2016. <\/strong><br \/><strong>\u2022 El Ayuntamiento de Antigua colabora con el Patronato de Turismo en todo lo necesario para garantizar el buen desarrollo de la ceremonia de entrega de Premios Distinguidos del Turismo Fuerteventura 2025.<\/strong><\/p>\n<p>Agradecemos la elecci\u00f3n de la localidad de Caleta de Fuste como sede anfitriona de estos Premios y reconocimientos a las entidades m\u00e1s destacadas en el sector tur\u00edstico de la isla, afirma el alcalde, Mat\u00edas Pe\u00f1a Garc\u00eda.<\/p>\n<p>Unos Premios Distinguidos del Turismo que Caleta de Fuste acoge como sede anfitriona, tras pasar nueve a\u00f1os desde su primera celebraci\u00f3n en la localidad en el 2016, recuerda el alcalde.<\/p>\n<p>El Ayuntamiento de Antigua colabora desde las concejal\u00edas de Turismo, Obras y Servicios, que dirigen respectivamente Kristina Rodewig y Juan Cabrera, en todas las necesitades y apoyo log\u00edstico, de embellecimiento, limpieza, iluminaci\u00f3n y acondicionamiento de diferentes zonas, solicitadas desde la consejer\u00eda de Turismo del Cabildo de Fuerteventura.<\/p>\n<p>En el mismo objetivo, a\u00f1ade el alcalde, Mat\u00edas Pe\u00f1a, se destina un equipo de seguridad, control y se\u00f1alizaci\u00f3n coordinado por la Polic\u00eda Local de Antigua y el cuerpo de Seguridad del Estado, la Guardia Civil, garantizando el buen desarrollo de los Premios Distinguidos del Turismo, a su vez, que minimizando cualquier incidencia que pudiera darse.<\/p>\n<p>\u00a0<\/p>\n<\/div>\n","protected":false},"excerpt":{"rendered":"<p><strong>Caleta de Fuste acoge este s\u00e1bado la ceremonia de entrega de Premios Distinguidos del Turismo Fuerteventura 2025<\/strong><\/p>\n","protected":false},"author":1,"featured_media":11191,"comment_status":"open","ping_status":"open","sticky":false,"template":"","format":"standard","meta":{"inline_featured_image":false,"jnews-multi-image_gallery":[],"jnews_single_post":[],"jnews_primary_category":[],"jnews_social_meta":[],"jnews_override_counter":[],"jnews_post_split":[],"footnotes":""},"categories":[59],"tags":[82],"class_list":["post-11189","post","type-post","status-publish","format-standard","has-post-thumbnail","hentry","category-antigua","tag-fuerteventura"],"jetpack_featured_media_url":"https:\/\/informacionlocal.es\/wp-content\/uploads\/2025\/09\/concejala-de-turismo-y-alcalde-de-antigua.jpg","_links":{"self":[{"href":"https:\/\/informacionlocal.es\/de\/wp-json\/wp\/v2\/posts\/11189","targetHints":{"allow":["GET"]}}],"collection":[{"href":"https:\/\/informacionlocal.es\/de\/wp-json\/wp\/v2\/posts"}],"about":[{"href":"https:\/\/informacionlocal.es\/de\/wp-json\/wp\/v2\/types\/post"}],"author":[{"embeddable":true,"href":"https:\/\/informacionlocal.es\/de\/wp-json\/wp\/v2\/users\/1"}],"replies":[{"embeddable":true,"href":"https:\/\/informacionlocal.es\/de\/wp-json\/wp\/v2\/comments?post=11189"}],"version-history":[{"count":0,"href":"https:\/\/informacionlocal.es\/de\/wp-json\/wp\/v2\/posts\/11189\/revisions"}],"wp:featuredmedia":[{"embeddable":true,"href":"https:\/\/informacionlocal.es\/de\/wp-json\/wp\/v2\/media\/11191"}],"wp:attachment":[{"href":"https:\/\/informacionlocal.es\/de\/wp-json\/wp\/v2\/media?parent=11189"}],"wp:term":[{"taxonomy":"category","embeddable":true,"href":"https:\/\/informacionlocal.es\/de\/wp-json\/wp\/v2\/categories?post=11189"},{"taxonomy":"post_tag","embeddable":true,"href":"https:\/\/informacionlocal.es\/de\/wp-json\/wp\/v2\/tags?post=11189"}],"curies":[{"name":"wp","href":"https:\/\/api.w.org\/{rel}","templated":true}]}}