{"id":11183,"date":"2025-09-23T15:58:26","date_gmt":"2025-09-23T14:58:26","guid":{"rendered":"https:\/\/informacionlocal.es\/maria-sanz-esteve-rueda-en-fuerteventura-el-primer-avance-de-su-proyecto-cinematografico\/"},"modified":"2025-09-23T15:58:26","modified_gmt":"2025-09-23T14:58:26","slug":"maria-sanz-esteve-rueda-en-fuerteventura-el-primer-avance-de-su-proyecto-cinematografico","status":"publish","type":"post","link":"https:\/\/informacionlocal.es\/de\/maria-sanz-esteve-rueda-en-fuerteventura-el-primer-avance-de-su-proyecto-cinematografico\/","title":{"rendered":"Mar\u00eda Sanz Esteve rueda en Fuerteventura el primer avance de su proyecto cinematogr\u00e1fico"},"content":{"rendered":"<div class=\"entry-content\"><strong>23 septiembre, 2025<\/strong><\/p>\n<p>La cineasta Mar\u00eda Sanz Esteve rueda en Fuerteventura\u00a0<em>Impares<\/em>, el \u2018teaser\u2019 de su primer proyecto de largometraje como directora y guionista titulado\u00a0<em>La isla de los prodigios<\/em>. Un proyecto que lleva dos a\u00f1os en desarrollo.<\/p>\n<p>La consejera de Fuerteventura Film Commission, Nereida Calero, ha visitado el rodaje del proyecto, que ser\u00e1 la \u00f3pera prima de Sanz, una mujer vinculada desde hace m\u00e1s de veinte a\u00f1os a la industria cinematogr\u00e1fica en Fuerteventura.<\/p>\n<p>Calero ha felicitado a Mar\u00eda Sanz por su trabajo y ha destacado la importancia que tienen este tipo de producciones locales, que cuentan historias que son parte del patrimonio humano de Fuerteventura y se nutren del paisaje de la isla como plat\u00f3 natural de cine.<\/p>\n<p>La historia se inspira en el libro \u2018El m\u00e9dico de los corderos\u2019 de Jes\u00fas Gir\u00e1ldez, abordando temas universales como la importancia del bien com\u00fan, la vocaci\u00f3n y el esp\u00edritu incombustible de los majoreros. Adem\u00e1s, el proyecto se nutre de la fuerza cat\u00e1rtica del paisaje de Fuerteventura, que act\u00faa como un personaje m\u00e1s dentro de la narrativa.<\/p>\n<p>Mar\u00eda Sanz trabaj\u00f3 durante siete a\u00f1os en Londres, entre producciones independientes y filmoteca. En el a\u00f1o 2000 se traslada a Fuerteventura y en 2006, crea Dunes Films S.L., productora del documental\u00a0<em>Desde la otra orilla<\/em>\u00a0y los cortometrajes\u00a0<em>Serendipia<\/em>,\u00a0<em>Neuroyerto<\/em>\u00a0y\u00a0<em>El Regalito<\/em>, y coproductora de los cortometrajes\u00a0<em>Rutina<\/em>\u00a0de Sebasti\u00e1n \u00c1lvarez Castro y\u00a0<em>Taxi Please<\/em>\u00a0de Lorenza Mach\u00edn, y productora asociada del cortometraje\u00a0<em>Las Gafas<\/em>\u00a0de Alberto Garc\u00eda.<\/p>\n<p>Entre 2004 y 2011, la cineasta fue parte del equipo que organiz\u00f3 el Festival de Cortometraje Dunas de Fuerteventura y lleva 20 a\u00f1os organizando ciclos y talleres de cine para educar en valores a trav\u00e9s de este medio cinematogr\u00e1fico.<\/p>\n<\/div>\n","protected":false},"excerpt":{"rendered":"<p>23 septiembre, 2025 La cineasta Mar\u00eda Sanz Esteve rueda en Fuerteventura\u00a0Impares, el \u2018teaser\u2019 de su primer proyecto de largometraje como directora y guionista titulado\u00a0La isla de los prodigios. Un proyecto [&hellip;]<\/p>\n","protected":false},"author":1,"featured_media":11185,"comment_status":"open","ping_status":"open","sticky":false,"template":"","format":"standard","meta":{"inline_featured_image":false,"jnews-multi-image_gallery":[],"jnews_single_post":[],"jnews_primary_category":[],"jnews_social_meta":[],"jnews_override_counter":[],"jnews_post_split":[],"footnotes":""},"categories":[58],"tags":[82],"class_list":["post-11183","post","type-post","status-publish","format-standard","has-post-thumbnail","hentry","category-cabildo","tag-fuerteventura"],"jetpack_featured_media_url":"https:\/\/informacionlocal.es\/wp-content\/uploads\/2025\/09\/rodaje-marc3ada-sanz-1.jpeg","_links":{"self":[{"href":"https:\/\/informacionlocal.es\/de\/wp-json\/wp\/v2\/posts\/11183","targetHints":{"allow":["GET"]}}],"collection":[{"href":"https:\/\/informacionlocal.es\/de\/wp-json\/wp\/v2\/posts"}],"about":[{"href":"https:\/\/informacionlocal.es\/de\/wp-json\/wp\/v2\/types\/post"}],"author":[{"embeddable":true,"href":"https:\/\/informacionlocal.es\/de\/wp-json\/wp\/v2\/users\/1"}],"replies":[{"embeddable":true,"href":"https:\/\/informacionlocal.es\/de\/wp-json\/wp\/v2\/comments?post=11183"}],"version-history":[{"count":0,"href":"https:\/\/informacionlocal.es\/de\/wp-json\/wp\/v2\/posts\/11183\/revisions"}],"wp:featuredmedia":[{"embeddable":true,"href":"https:\/\/informacionlocal.es\/de\/wp-json\/wp\/v2\/media\/11185"}],"wp:attachment":[{"href":"https:\/\/informacionlocal.es\/de\/wp-json\/wp\/v2\/media?parent=11183"}],"wp:term":[{"taxonomy":"category","embeddable":true,"href":"https:\/\/informacionlocal.es\/de\/wp-json\/wp\/v2\/categories?post=11183"},{"taxonomy":"post_tag","embeddable":true,"href":"https:\/\/informacionlocal.es\/de\/wp-json\/wp\/v2\/tags?post=11183"}],"curies":[{"name":"wp","href":"https:\/\/api.w.org\/{rel}","templated":true}]}}