{"id":1115,"date":"2025-04-10T21:58:11","date_gmt":"2025-04-10T21:58:11","guid":{"rendered":"https:\/\/informacionlocal.es\/das-rathaus-von-pajara-feiert-die-dritte-ausgabe-der-bonito-und-blaufischmesse-in-morro-jable\/"},"modified":"2025-04-14T10:01:33","modified_gmt":"2025-04-14T10:01:33","slug":"das-rathaus-von-pajara-feiert-die-dritte-ausgabe-der-bonito-und-blaufischmesse-in-morro-jable","status":"publish","type":"post","link":"https:\/\/informacionlocal.es\/de\/das-rathaus-von-pajara-feiert-die-dritte-ausgabe-der-bonito-und-blaufischmesse-in-morro-jable\/","title":{"rendered":"Das Rathaus von P\u00e1jara feiert die dritte Ausgabe der Bonito- und Blaufischmesse in Morro Jable."},"content":{"rendered":"<div class=\"entry-content\">\n<p><b><i>Ein Wochenende voller Lokalkolorit, Kultur und Fischereitradition mit Aktivit\u00e4ten f\u00fcr alle Altersgruppen.<\/i><\/b><\/p>\n<p><span>Das Rathaus von P\u00e1jara informiert \u00fcber die Abteilung f\u00fcr den Prim\u00e4rsektor \u00fcber die dritte Ausgabe der Bonito und Blaufisch-Messe, die an diesem Wochenende, vom 28. bis 30. M\u00e4rz, in Morro Jable stattfinden wird. Diese gastronomische Veranstaltung hebt den Reichtum und die Fischereitradition der Insel hervor und bietet ein einzigartiges Erlebnis, die lokale Gastronomie zu genie\u00dfen.   <\/span><\/p>\n<p><span>Die Messe beginnt am Freitag, dem 28. M\u00e4rz, um 18.00 Uhr mit einem Vortrag des Experten Jos\u00e9 Antonio Gonz\u00e1lez von der Universit\u00e4t Las Palmas de Gran Canaria, der w\u00e4hrend der drei Veranstaltungstage sein Wissen \u00fcber die Vorteile und Eigenschaften des blauen Fisches weitergeben wird. Nach dem Vortrag wird die Parranda &#8218;El Campillo&#8216; auftreten und dem Er\u00f6ffnungstag einen musikalischen und traditionellen Touch verleihen.   <\/span><\/p>\n<p><span>Der Stadtrat f\u00fcr den Prim\u00e4rsektor, Jos\u00e9 Manuel D\u00edaz, unterstreicht die Bedeutung dieser Veranstaltung f\u00fcr die lokale Wirtschaft und die gastronomische Kultur der Insel. &#8222;Diese Messe ist nicht nur eine hervorragende Gelegenheit, unsere lokalen Produkte zu f\u00f6rdern, sondern auch die Arbeit unserer Fischer hervorzuheben&#8220;. Dar\u00fcber hinaus weist der Stadtrat darauf hin, dass &#8222;diese Veranstaltung ein Zeichen f\u00fcr das Engagement der Stadtverwaltung von P\u00e1jara f\u00fcr den Prim\u00e4rsektor und die nachhaltige Entwicklung der Insel ist&#8220;.    <\/span><\/p>\n<p><span>Der B\u00fcrgermeister von P\u00e1jara, Alejandro Jorge, unterstreicht seinerseits die Bedeutung dieser Veranstaltung als Beispiel f\u00fcr die Verbindung zwischen unserem Prim\u00e4rsektor, der Gastronomie und dem Tourismus. &#8222;Es ist ein idealer Ort, um Messen mit diesen Merkmalen zu veranstalten, wie auch die k\u00fcrzlich in P\u00e1jara durchgef\u00fchrte K\u00e4semesse&#8220;, betont er.   <\/span><\/p>\n<p><span>Am Samstag, dem 29. M\u00e4rz, und Sonntag, dem 30. M\u00e4rz, finden zahlreiche Aktivit\u00e4ten f\u00fcr alle Altersgruppen statt, darunter Kinderworkshops, Vorf\u00fchrungen des Schnorchelns von Rotem Thun und Bonito-Thunfisch, Showkochen mit lokalen K\u00f6chen, ein Wettbewerb um die beste Tapa der Messe und Workshops zum Thunfischfang. Am Sonntag findet die Abschlussveranstaltung mit einem Auftritt der Parranda &#8218;Son de Anta\u00f1o&#8216; statt.   <\/span><\/p>\n<p><img loading=\"lazy\" decoding=\"async\" loading=\"lazy\" class=\"alignnone size-medium wp-image-19973\" src=\"https:\/\/informacionlocal.es\/wp-content\/uploads\/2025\/04\/whatsapp-image-2025-03-24-at-13-07-12-1-212x300-1.jpeg\" width=\"212\" height=\"300\" title=\"whatsapp-image-2025-03-24-at-13-07-12-1-212x300-1\"><img loading=\"lazy\" decoding=\"async\" loading=\"lazy\" class=\"alignnone size-medium wp-image-19975\" src=\"https:\/\/informacionlocal.es\/wp-content\/uploads\/2025\/04\/whatsapp-image-2025-03-24-at-13-07-13-212x300-1.jpeg\" width=\"212\" height=\"300\" title=\"whatsapp-image-2025-03-24-at-13-07-13-212x300-1\"><img loading=\"lazy\" decoding=\"async\" loading=\"lazy\" class=\"alignnone size-medium wp-image-19974\" src=\"https:\/\/informacionlocal.es\/wp-content\/uploads\/2025\/04\/whatsapp-image-2025-03-24-at-13-07-13-1-212x300-1.jpeg\" width=\"212\" height=\"300\" title=\"whatsapp-image-2025-03-24-at-13-07-13-1-212x300-1\"><\/p>\n<div>Teilen Sie<\/div>\n<\/div>\n","protected":false},"excerpt":{"rendered":"<p><i>Ein Wochenende voller Lokalkolorit, Kultur und Fischereitradition mit Aktivit\u00e4ten f\u00fcr alle Altersgruppen.<\/i><\/p>\n","protected":false},"author":1,"featured_media":717,"comment_status":"open","ping_status":"open","sticky":false,"template":"","format":"standard","meta":{"inline_featured_image":false,"jnews-multi-image_gallery":[],"jnews_single_post":[],"jnews_primary_category":[],"jnews_social_meta":[],"jnews_override_counter":[],"jnews_post_split":[],"footnotes":""},"categories":[297],"tags":[216,196,217,237],"class_list":["post-1115","post","type-post","status-publish","format-standard","has-post-thumbnail","hentry","category-pajara-de","tag-fuerteventura-de","tag-gemeinden","tag-kultur-und-freizeit","tag-veranstaltungen"],"jetpack_featured_media_url":"https:\/\/informacionlocal.es\/wp-content\/uploads\/2025\/04\/whatsapp-image-2025-03-24-at-13-07-12.jpeg","_links":{"self":[{"href":"https:\/\/informacionlocal.es\/de\/wp-json\/wp\/v2\/posts\/1115","targetHints":{"allow":["GET"]}}],"collection":[{"href":"https:\/\/informacionlocal.es\/de\/wp-json\/wp\/v2\/posts"}],"about":[{"href":"https:\/\/informacionlocal.es\/de\/wp-json\/wp\/v2\/types\/post"}],"author":[{"embeddable":true,"href":"https:\/\/informacionlocal.es\/de\/wp-json\/wp\/v2\/users\/1"}],"replies":[{"embeddable":true,"href":"https:\/\/informacionlocal.es\/de\/wp-json\/wp\/v2\/comments?post=1115"}],"version-history":[{"count":1,"href":"https:\/\/informacionlocal.es\/de\/wp-json\/wp\/v2\/posts\/1115\/revisions"}],"predecessor-version":[{"id":1660,"href":"https:\/\/informacionlocal.es\/de\/wp-json\/wp\/v2\/posts\/1115\/revisions\/1660"}],"wp:featuredmedia":[{"embeddable":true,"href":"https:\/\/informacionlocal.es\/de\/wp-json\/wp\/v2\/media\/717"}],"wp:attachment":[{"href":"https:\/\/informacionlocal.es\/de\/wp-json\/wp\/v2\/media?parent=1115"}],"wp:term":[{"taxonomy":"category","embeddable":true,"href":"https:\/\/informacionlocal.es\/de\/wp-json\/wp\/v2\/categories?post=1115"},{"taxonomy":"post_tag","embeddable":true,"href":"https:\/\/informacionlocal.es\/de\/wp-json\/wp\/v2\/tags?post=1115"}],"curies":[{"name":"wp","href":"https:\/\/api.w.org\/{rel}","templated":true}]}}