{"id":1111,"date":"2025-04-10T21:18:12","date_gmt":"2025-04-10T21:18:12","guid":{"rendered":"https:\/\/informacionlocal.es\/junge-menschen-mit-einer-nachhaltigen-einstellung\/"},"modified":"2025-04-14T10:03:46","modified_gmt":"2025-04-14T10:03:46","slug":"junge-menschen-mit-einer-nachhaltigen-einstellung","status":"publish","type":"post","link":"https:\/\/informacionlocal.es\/de\/junge-menschen-mit-einer-nachhaltigen-einstellung\/","title":{"rendered":"Junge Menschen mit einer nachhaltigen Einstellung"},"content":{"rendered":"<div class=\"inner-box\">\n<figure class=\"image-box\"><img fetchpriority=\"high\" decoding=\"async\" width=\"730\" height=\"500\" src=\"https:\/\/informacionlocal.es\/wp-content\/uploads\/2025\/04\/whatsapp-image-2024-10-23-at-09-09-51-730x500-2.jpeg\" class=\"attachment-whitehall_730x500 size-whitehall_730x500 wp-post-image\" title=\"whatsapp-image-2024-10-23-at-09-09-51-730x500-2\"><\/figure>\n<div class=\"post-date\">\n<h3>23Okt<span>&#8217;24<\/span><\/h3>\n<\/div>\n<div class=\"lower-content\">\n<div class=\"category\">Nachrichten, Ank\u00fcndigungen<\/div>\n<ul class=\"post-info clearfix\">\n<li>Presse<\/li>\n<li>0 Kommentar<\/li>\n<\/ul>\n<\/div>\n<p>Das Rathaus von Betancuria initiiert ein Projekt mit den jungen Leuten der Gemeinde. Die Sch\u00fcler der Schulen der Gemeinde Betancuria, CEIP Alcaldesa Amparo Torres und CEIP Gumersindo Martell, genossen am Dienstag, den 22. Oktober einen Ausflug zum Interpretationszentrum der Schlachten von El Cuchillete und Tamasite in Tuineje. <\/p>\n<p>Ziel war es, das Bewusstsein und das Verst\u00e4ndnis f\u00fcr zwei wichtige historische Ereignisse zu sch\u00e4rfen, die 1740 auf Fuerteventura stattfanden: die Schlachten von El Cuchillete und Tamasite, als englische Korsaren die Stadt Tuineje angriffen und von den Milizen der Insel, die sich aus einheimischen Dorfbewohnern zusammensetzten und mit Steinen, St\u00f6cken und mit Hilfe von Kamelen tapfer k\u00e4mpften, stolz besiegt wurden.<\/p>\n<p>Seitdem werden jedes Jahr zu dieser Zeit die Siege mit den Fiestas Juradas de San Miguel Arc\u00e1ngel gefeiert, die eine solche historische, soziale und kulturelle Bedeutung erlangt haben, dass ihnen die h\u00f6chste Anerkennung zuteil wird: Fiestas von nationalem touristischem Interesse, zus\u00e4tzlich zur Einstufung als Kulturgut von kulturellem Interesse (BIC) und von regionalem touristischem Interesse, die sie bereits zuvor hatten.<\/p>\n<p>Zweifelsohne ein Tag voller Kulturgef\u00fchl, Identit\u00e4t und lebendiger Geschichte Fuerteventuras.<\/p>\n<\/div>\n","protected":false},"excerpt":{"rendered":"<p>23Okt&#8217;24 Nachrichten, Ank\u00fcndigungen Presse 0 Kommentar Das Rathaus von Betancuria initiiert ein Projekt mit den jungen Leuten der Gemeinde. Die Sch\u00fcler der Schulen der Gemeinde Betancuria, CEIP Alcaldesa Amparo Torres [&hellip;]<\/p>\n","protected":false},"author":1,"featured_media":708,"comment_status":"open","ping_status":"open","sticky":false,"template":"","format":"standard","meta":{"inline_featured_image":false,"jnews-multi-image_gallery":[],"jnews_single_post":[],"jnews_primary_category":[],"jnews_social_meta":[],"jnews_override_counter":[],"jnews_post_split":[],"footnotes":""},"categories":[285],"tags":[214,216,196,217,237],"class_list":["post-1111","post","type-post","status-publish","format-standard","has-post-thumbnail","hentry","category-betancuria-de","tag-bildung","tag-fuerteventura-de","tag-gemeinden","tag-kultur-und-freizeit","tag-veranstaltungen"],"jetpack_featured_media_url":"https:\/\/informacionlocal.es\/wp-content\/uploads\/2025\/04\/whatsapp-image-2024-10-23-at-09-09-51-730x500-1.jpeg","_links":{"self":[{"href":"https:\/\/informacionlocal.es\/de\/wp-json\/wp\/v2\/posts\/1111","targetHints":{"allow":["GET"]}}],"collection":[{"href":"https:\/\/informacionlocal.es\/de\/wp-json\/wp\/v2\/posts"}],"about":[{"href":"https:\/\/informacionlocal.es\/de\/wp-json\/wp\/v2\/types\/post"}],"author":[{"embeddable":true,"href":"https:\/\/informacionlocal.es\/de\/wp-json\/wp\/v2\/users\/1"}],"replies":[{"embeddable":true,"href":"https:\/\/informacionlocal.es\/de\/wp-json\/wp\/v2\/comments?post=1111"}],"version-history":[{"count":1,"href":"https:\/\/informacionlocal.es\/de\/wp-json\/wp\/v2\/posts\/1111\/revisions"}],"predecessor-version":[{"id":1688,"href":"https:\/\/informacionlocal.es\/de\/wp-json\/wp\/v2\/posts\/1111\/revisions\/1688"}],"wp:featuredmedia":[{"embeddable":true,"href":"https:\/\/informacionlocal.es\/de\/wp-json\/wp\/v2\/media\/708"}],"wp:attachment":[{"href":"https:\/\/informacionlocal.es\/de\/wp-json\/wp\/v2\/media?parent=1111"}],"wp:term":[{"taxonomy":"category","embeddable":true,"href":"https:\/\/informacionlocal.es\/de\/wp-json\/wp\/v2\/categories?post=1111"},{"taxonomy":"post_tag","embeddable":true,"href":"https:\/\/informacionlocal.es\/de\/wp-json\/wp\/v2\/tags?post=1111"}],"curies":[{"name":"wp","href":"https:\/\/api.w.org\/{rel}","templated":true}]}}