{"id":11107,"date":"2025-09-22T18:58:25","date_gmt":"2025-09-22T17:58:25","guid":{"rendered":"https:\/\/informacionlocal.es\/juego-del-palo-bola-canaria-y-por-primera-vez-lucha-canaria-femenina-en-las-fiestas-en-honor-a-nuestra-senora-de-la-pena\/"},"modified":"2025-09-22T18:58:25","modified_gmt":"2025-09-22T17:58:25","slug":"juego-del-palo-bola-canaria-y-por-primera-vez-lucha-canaria-femenina-en-las-fiestas-en-honor-a-nuestra-senora-de-la-pena","status":"publish","type":"post","link":"https:\/\/informacionlocal.es\/de\/juego-del-palo-bola-canaria-y-por-primera-vez-lucha-canaria-femenina-en-las-fiestas-en-honor-a-nuestra-senora-de-la-pena\/","title":{"rendered":"\ufeffJuego del Palo, Bola Canaria y, por primera vez, Lucha Canaria femenina en las Fiestas en Honor a Nuestra Se\u00f1ora de La Pe\u00f1a"},"content":{"rendered":"<div class=\"entry-content\"><strong>21 septiembre, 2025<\/strong><\/p>\n<p><em><strong>Los clubs Faro de Jand\u00eda y Uni\u00f3n Tetir hacen historia con la primera participaci\u00f3n femenina en la tradicional luchada institucional en la Vega de R\u00edo Palmas<\/strong><\/em><\/p>\n<p>Como cada a\u00f1o, el programa de juegos tradicionales y deportes aut\u00f3ctonos del Cabildo de Fuerteventura, \u2018No Olvides Lo Nuestro\u2019, ha estado presente en las Fiestas en Honor a Nuestra Se\u00f1ora de La Pe\u00f1a. El entorno de la Vega de R\u00edo Palmas ha acogido diferentes actividades, exhibiciones y la tradicional luchada que, por primera vez, ha contado con representaci\u00f3n femenina.<\/p>\n<p>Para el consejero de Deportes, Luis Gonz\u00e1lez, es importante mantener la l\u00ednea y promoci\u00f3n y difusi\u00f3n de nuestros juegos tradicionales y deportes aut\u00f3ctonos, participando en actos de car\u00e1cter p\u00fablico. En este caso, en las fiestas de la patrona insular, donde siempre ha tenido presencia este programa.<\/p>\n<p>En el transcurso de la Romer\u00eda-Ofrenda del viernes 19 de septiembre, se desarroll\u00f3 el XXI Encuentro Insular de Juego del Palo Canario. Durante la romer\u00eda, las escuelas de juego de palo Puerto Cabras, Dunas de Corralejo, Huriamen de Villaverde y Sorinque de Gran Tarajal acompa\u00f1aron a la comitiva a modo de exhibici\u00f3n.<\/p>\n<p>Por su parte, el s\u00e1bado, d\u00eda 20 de septiembre, tuvo lugar el segundo Partido Institucional de Bola Canaria en honor a la patrona insular, organizado por la Federaci\u00f3n Insular de Bola Canaria.\u00a0 Se desarroll\u00f3 una partida simult\u00e1nea de Bola Canaria con cuatro equipos que, seg\u00fan indica la federaci\u00f3n, durante la temporada pasada ganaron la oportunidad de participar. Los equipos masculinos El Time y La Placeta, y los femeninos Ninguaria Valkiria y Las Cacharras de Antigua, fueron los protagonistas del encuentro.<\/p>\n<p>Como es habitual, la luchada en Honor a la Virgen de La Pe\u00f1a tuvo lugar el domingo, como broche final a las fiestas. Por primera vez, esta luchada ha contado con equipos femeninos: C.L. Faro de Jand\u00eda y C.L. Uni\u00f3n Tetir, que hicieron historia en la Vega de R\u00edo Palmas. Asimismo, se disput\u00f3 un encuentro entre el C.L. Saladar de Jand\u00eda y C.L. Uni\u00f3n Antigua de categor\u00eda masculina.<\/p>\n<\/div>\n","protected":false},"excerpt":{"rendered":"<p>21 septiembre, 2025 Los clubs Faro de Jand\u00eda y Uni\u00f3n Tetir hacen historia con la primera participaci\u00f3n femenina en la tradicional luchada institucional en la Vega de R\u00edo Palmas Como [&hellip;]<\/p>\n","protected":false},"author":1,"featured_media":11109,"comment_status":"open","ping_status":"open","sticky":false,"template":"","format":"standard","meta":{"inline_featured_image":false,"jnews-multi-image_gallery":[],"jnews_single_post":[],"jnews_primary_category":[],"jnews_social_meta":[],"jnews_override_counter":[],"jnews_post_split":[],"footnotes":""},"categories":[58],"tags":[82],"class_list":["post-11107","post","type-post","status-publish","format-standard","has-post-thumbnail","hentry","category-cabildo","tag-fuerteventura"],"jetpack_featured_media_url":"https:\/\/informacionlocal.es\/wp-content\/uploads\/2025\/09\/1758525716-2c993bff31eafe2b52d88b350eb5bf46.jpg","_links":{"self":[{"href":"https:\/\/informacionlocal.es\/de\/wp-json\/wp\/v2\/posts\/11107","targetHints":{"allow":["GET"]}}],"collection":[{"href":"https:\/\/informacionlocal.es\/de\/wp-json\/wp\/v2\/posts"}],"about":[{"href":"https:\/\/informacionlocal.es\/de\/wp-json\/wp\/v2\/types\/post"}],"author":[{"embeddable":true,"href":"https:\/\/informacionlocal.es\/de\/wp-json\/wp\/v2\/users\/1"}],"replies":[{"embeddable":true,"href":"https:\/\/informacionlocal.es\/de\/wp-json\/wp\/v2\/comments?post=11107"}],"version-history":[{"count":0,"href":"https:\/\/informacionlocal.es\/de\/wp-json\/wp\/v2\/posts\/11107\/revisions"}],"wp:featuredmedia":[{"embeddable":true,"href":"https:\/\/informacionlocal.es\/de\/wp-json\/wp\/v2\/media\/11109"}],"wp:attachment":[{"href":"https:\/\/informacionlocal.es\/de\/wp-json\/wp\/v2\/media?parent=11107"}],"wp:term":[{"taxonomy":"category","embeddable":true,"href":"https:\/\/informacionlocal.es\/de\/wp-json\/wp\/v2\/categories?post=11107"},{"taxonomy":"post_tag","embeddable":true,"href":"https:\/\/informacionlocal.es\/de\/wp-json\/wp\/v2\/tags?post=11107"}],"curies":[{"name":"wp","href":"https:\/\/api.w.org\/{rel}","templated":true}]}}