{"id":11097,"date":"2025-09-22T17:58:22","date_gmt":"2025-09-22T16:58:22","guid":{"rendered":"https:\/\/informacionlocal.es\/el-planetario-movil-de-los-dinosaurios-llega-a-puerto-del-rosario-con-la-mas-avanzada-tecnologia\/"},"modified":"2025-09-22T17:58:22","modified_gmt":"2025-09-22T16:58:22","slug":"el-planetario-movil-de-los-dinosaurios-llega-a-puerto-del-rosario-con-la-mas-avanzada-tecnologia","status":"publish","type":"post","link":"https:\/\/informacionlocal.es\/de\/el-planetario-movil-de-los-dinosaurios-llega-a-puerto-del-rosario-con-la-mas-avanzada-tecnologia\/","title":{"rendered":"El planetario m\u00f3vil de los dinosaurios llega a Puerto del Rosario con la m\u00e1s avanzada tecnolog\u00eda"},"content":{"rendered":"<div class=\"entry-content\">\n<ul>\n<li><span><strong>Un espect\u00e1culo inmersivo de ciencia y diversi\u00f3n con proyecciones 360\u00ba para escolares y p\u00fablico en general.<\/strong><\/span><\/li>\n<\/ul>\n<p><span><strong>En Puerto del Rosario, a 22 de septiembre de 2025.-<\/strong> Las Fiestas en Honor a Nuestra Se\u00f1ora del Rosario contin\u00faan ampliando su propuesta cultural y educativa con la instalaci\u00f3n del Planetario M\u00f3vil \u201cUna historia de supervivencia: Dinosaurios\u201d, que podr\u00e1 disfrutarse en el Terrero de Lucha de Puerto Cabras los d\u00edas 22, 23 y 24 de septiembre.<\/span><\/p>\n<p><span>El planetario, dotado con la m\u00e1s avanzada tecnolog\u00eda de proyecci\u00f3n full-dome y con una c\u00fapula de 12 metros de di\u00e1metro, ofrecer\u00e1 una experiencia inmersiva en la que se combinar\u00e1n ciencia, astronom\u00eda y paleontolog\u00eda. Durante las sesiones se proyectar\u00e1n audiovisuales de gran calidad que permitir\u00e1n conocer c\u00f3mo vivieron y se extinguieron los dinosaurios, adem\u00e1s de concienciar sobre la importancia de la lucha contra la contaminaci\u00f3n lum\u00ednica.<\/span><\/p>\n<p><span>El programa contempla sesiones matinales reservadas a los centros educativos, en las que se espera la participaci\u00f3n de centenares de escolares del municipio, y sesiones de tarde abiertas al p\u00fablico general, en horarios de 16:00, 17:00, 18:00 y 19:00 horas, con acceso gratuito hasta completar aforo.<\/span><\/p>\n<p><img loading=\"lazy\" decoding=\"async\" loading=\"lazy\" class=\"size-large wp-image-157095 aligncenter\" src=\"https:\/\/informacionlocal.es\/wp-content\/uploads\/2025\/09\/planetario-1024x1024-1.jpeg\" width=\"1024\" height=\"1024\" title=\"planetario-1024x1024-1\"><\/p>\n<p><span>El alcalde de Puerto del Rosario, David de Vera, destac\u00f3 que \u201ceste tipo de iniciativas son un ejemplo perfecto de c\u00f3mo las fiestas patronales pueden ser tambi\u00e9n un espacio para el conocimiento y la divulgaci\u00f3n. Queremos que la ciudadan\u00eda viva unas fiestas inolvidables, en las que adem\u00e1s de diversi\u00f3n tengan la oportunidad de acercarse a la ciencia de una manera atractiva y diferente\u201d.<\/span><\/p>\n<p><span>Por su parte, la concejala de Festejos y Educaci\u00f3n, Tacoremi Guti\u00e9rrez, manifest\u00f3 que \u201chemos querido que el programa de las fiestas incluya actividades para todos los p\u00fablicos. El planetario es un regalo para los m\u00e1s peque\u00f1os, pero tambi\u00e9n para las familias y cualquier persona que quiera dejarse sorprender. Ser\u00e1 como viajar en el tiempo y al mismo tiempo reflexionar sobre nuestro planeta\u201d.<\/span><\/p>\n<p><span>El Ayuntamiento invita a toda la ciudadan\u00eda a participar en esta experiencia \u00fanica, que une ciencia, cultura y entretenimiento en el marco de las celebraciones m\u00e1s importantes de la capital majorera.<\/span><\/p>\n<\/div>\n","protected":false},"excerpt":{"rendered":"<p>Un espect\u00e1culo inmersivo de ciencia y diversi\u00f3n con proyecciones 360\u00ba para escolares y p\u00fablico en general. En Puerto del Rosario, a 22 de septiembre de 2025.- Las Fiestas en Honor [&hellip;]<\/p>\n","protected":false},"author":1,"featured_media":11099,"comment_status":"open","ping_status":"open","sticky":false,"template":"","format":"standard","meta":{"inline_featured_image":false,"jnews-multi-image_gallery":[],"jnews_single_post":[],"jnews_primary_category":[],"jnews_social_meta":[],"jnews_override_counter":[],"jnews_post_split":[],"footnotes":""},"categories":[61],"tags":[73],"class_list":["post-11097","post","type-post","status-publish","format-standard","has-post-thumbnail","hentry","category-puerto-del-rosario","tag-educacion"],"jetpack_featured_media_url":"https:\/\/informacionlocal.es\/wp-content\/uploads\/2025\/09\/planetario.png","_links":{"self":[{"href":"https:\/\/informacionlocal.es\/de\/wp-json\/wp\/v2\/posts\/11097","targetHints":{"allow":["GET"]}}],"collection":[{"href":"https:\/\/informacionlocal.es\/de\/wp-json\/wp\/v2\/posts"}],"about":[{"href":"https:\/\/informacionlocal.es\/de\/wp-json\/wp\/v2\/types\/post"}],"author":[{"embeddable":true,"href":"https:\/\/informacionlocal.es\/de\/wp-json\/wp\/v2\/users\/1"}],"replies":[{"embeddable":true,"href":"https:\/\/informacionlocal.es\/de\/wp-json\/wp\/v2\/comments?post=11097"}],"version-history":[{"count":0,"href":"https:\/\/informacionlocal.es\/de\/wp-json\/wp\/v2\/posts\/11097\/revisions"}],"wp:featuredmedia":[{"embeddable":true,"href":"https:\/\/informacionlocal.es\/de\/wp-json\/wp\/v2\/media\/11099"}],"wp:attachment":[{"href":"https:\/\/informacionlocal.es\/de\/wp-json\/wp\/v2\/media?parent=11097"}],"wp:term":[{"taxonomy":"category","embeddable":true,"href":"https:\/\/informacionlocal.es\/de\/wp-json\/wp\/v2\/categories?post=11097"},{"taxonomy":"post_tag","embeddable":true,"href":"https:\/\/informacionlocal.es\/de\/wp-json\/wp\/v2\/tags?post=11097"}],"curies":[{"name":"wp","href":"https:\/\/api.w.org\/{rel}","templated":true}]}}