{"id":11091,"date":"2025-09-22T16:58:52","date_gmt":"2025-09-22T15:58:52","guid":{"rendered":"https:\/\/informacionlocal.es\/corralejo-celebra-el-dia-mundial-sin-coche-con-un-encuentro-de-escolares\/"},"modified":"2025-09-22T16:58:52","modified_gmt":"2025-09-22T15:58:52","slug":"corralejo-celebra-el-dia-mundial-sin-coche-con-un-encuentro-de-escolares","status":"publish","type":"post","link":"https:\/\/informacionlocal.es\/de\/corralejo-celebra-el-dia-mundial-sin-coche-con-un-encuentro-de-escolares\/","title":{"rendered":"Corralejo celebra el D\u00eda Mundial Sin Coche con un encuentro de escolares"},"content":{"rendered":"<p>Conciencia ambiental, h\u00e1bitos saludables y fomento del uso de la bicicleta. As\u00ed ha sido el D\u00eda Mundial Sin Coche que celebraba el Ayuntamiento de La Oliva durante esta ma\u00f1ana del 22 de septiembre en Corralejo. La Concejal\u00eda de Medio Ambiente, con David Fajardo al frente, junto con la colaboraci\u00f3n del Cabildo Insular de Fuerteventura, presidido por Lola Garc\u00eda y, en concreto a trav\u00e9s de la Consejer\u00eda de Transportes, que gestiona Luis Gonz\u00e1lez, se apuesta por un evento destinado a escolares de los CEIP Bernab\u00e9 Figueroa, Maria Castrillo y Anto\u00f1ito El Farero de Corralejo en el que se dedica una jornada a la importancia del cuidado del medio ambiente y los h\u00e1bitos saludables en nuestro d\u00eda a d\u00eda desde edades tempranas. <\/p>\n<p>As\u00ed pues, los m\u00e1s peque\u00f1os disfrutaron de una ma\u00f1ana repleta de actividades en las que pudieron conocer de cerca el impacto de la huella de carbono en el entorno, la contaminaci\u00f3n, juegos y circuitos viales, adem\u00e1s de debates sobre la conciencia con el medio natural. Para finalizar, los estudiantes recibieron una charla impartida por la Polic\u00eda Local sobre educaci\u00f3n vial. <\/p>\n<p>El alcalde de La Oliva, Isa\u00ed Blanco, se\u00f1ala la importancia de tratar la conciencia ambiental y el fomento de actividades saludables desde edades tempranas: \u201cEl D\u00eda Mundial Sin Coche es la ocasi\u00f3n perfecta en la que poder aprovechar la jornada para mostrar a nuestros ni\u00f1os y ni\u00f1as la importancia de sus actos respecto al entorno, el uso de la bicicleta y, en s\u00edntesis, aquellas actividades que permitan vivir su vida de forma m\u00e1s saludable a la vez que cuidan nuestro bien m\u00e1s preciado, la naturaleza.\u201d <\/p>\n<p>Por su parte, el concejal de Medio Ambiente, David Fajardo, manifiesta la voluntad de seguir impulsando actividades que fomenten el compromiso ambiental entre las nuevas generaciones: \u201cInculcar a nuestros escolares la importancia que tienen sus actos es verdaderamente relevante no solo en lo que a conciencia medioambiental se refiere, sino tambi\u00e9n al d\u00eda a d\u00eda de las futuras generaciones. En este sentido, la construcci\u00f3n de h\u00e1bitos saludables desde estas edades permite que los m\u00e1s j\u00f3venes adquieran un estilo de vida que favorezca su salud en todos los niveles.\u201d<\/p>\n<p>Los gu\u00edas ambientales tambi\u00e9n han estado presentes durante el encuentro en apoyo a las actividades ambientales. El Consistorio responde as\u00ed a su compromiso por fomentar conductas conscientes con la naturaleza y h\u00e1bitos saludables entre las futuras generaciones.<\/p>\n","protected":false},"excerpt":{"rendered":"<p><span>Avenida Nuestra Se\u00f1ora del Carmen recibi\u00f3 hoy, 22 de septiembre, una jornada llena de actividades para los m\u00e1s peque\u00f1os sobre conductas de cuidado con el entorno, seguridad vial y h\u00e1bitos saludables<\/span><\/p>\n","protected":false},"author":1,"featured_media":11093,"comment_status":"open","ping_status":"open","sticky":false,"template":"","format":"standard","meta":{"inline_featured_image":false,"jnews-multi-image_gallery":[],"jnews_single_post":[],"jnews_primary_category":[],"jnews_social_meta":[],"jnews_override_counter":[],"jnews_post_split":[],"footnotes":""},"categories":[62],"tags":[73,82,76,75],"class_list":["post-11091","post","type-post","status-publish","format-standard","has-post-thumbnail","hentry","category-la-oliva","tag-educacion","tag-fuerteventura","tag-medio-ambiente","tag-transportes"],"jetpack_featured_media_url":"https:\/\/informacionlocal.es\/wp-content\/uploads\/2025\/09\/5246_eee26308.png","_links":{"self":[{"href":"https:\/\/informacionlocal.es\/de\/wp-json\/wp\/v2\/posts\/11091","targetHints":{"allow":["GET"]}}],"collection":[{"href":"https:\/\/informacionlocal.es\/de\/wp-json\/wp\/v2\/posts"}],"about":[{"href":"https:\/\/informacionlocal.es\/de\/wp-json\/wp\/v2\/types\/post"}],"author":[{"embeddable":true,"href":"https:\/\/informacionlocal.es\/de\/wp-json\/wp\/v2\/users\/1"}],"replies":[{"embeddable":true,"href":"https:\/\/informacionlocal.es\/de\/wp-json\/wp\/v2\/comments?post=11091"}],"version-history":[{"count":0,"href":"https:\/\/informacionlocal.es\/de\/wp-json\/wp\/v2\/posts\/11091\/revisions"}],"wp:featuredmedia":[{"embeddable":true,"href":"https:\/\/informacionlocal.es\/de\/wp-json\/wp\/v2\/media\/11093"}],"wp:attachment":[{"href":"https:\/\/informacionlocal.es\/de\/wp-json\/wp\/v2\/media?parent=11091"}],"wp:term":[{"taxonomy":"category","embeddable":true,"href":"https:\/\/informacionlocal.es\/de\/wp-json\/wp\/v2\/categories?post=11091"},{"taxonomy":"post_tag","embeddable":true,"href":"https:\/\/informacionlocal.es\/de\/wp-json\/wp\/v2\/tags?post=11091"}],"curies":[{"name":"wp","href":"https:\/\/api.w.org\/{rel}","templated":true}]}}