{"id":11073,"date":"2025-09-22T12:59:14","date_gmt":"2025-09-22T11:59:14","guid":{"rendered":"https:\/\/informacionlocal.es\/abierto-el-plazo-de-puestos-de-venta-y-exposicion-en-la-noche-en-blanco-de-antigua-2025\/"},"modified":"2025-09-22T12:59:14","modified_gmt":"2025-09-22T11:59:14","slug":"abierto-el-plazo-de-puestos-de-venta-y-exposicion-en-la-noche-en-blanco-de-antigua-2025","status":"publish","type":"post","link":"https:\/\/informacionlocal.es\/de\/abierto-el-plazo-de-puestos-de-venta-y-exposicion-en-la-noche-en-blanco-de-antigua-2025\/","title":{"rendered":"Abierto el plazo de puestos de venta y exposici\u00f3n en la Noche en Blanco de Antigua 2025"},"content":{"rendered":"<div class=\"elementor-widget-container\">\n<p>Abierto el plazo de puestos de venta y exposici\u00f3n en la Noche en Blanco de Antigua 2025<\/p>\n<p>20250818_Otros_BANDO NOCHE EN BLANCO 2025-1<\/p>\n<p><strong>\u2022 Antigua inicia los preparativos de la Noche en Blanco 2025 que se celebra el 25 de octubre en la plaza de Antigua. <\/strong><br \/><strong>\u2022 El plazo de solicitud de puesto en la Noche En Blanco Antigua 2025 finaliza el pr\u00f3ximo 13 de octubre, inclusive, y debe presentarse por Registro de Entrada en el Ayuntamiento de Antigua, Tenencia de Alcald\u00eda en Caleta de Fuste o sede electr\u00f3nica. <\/strong><br \/><strong>\u2022 Las personas interesadas pueden ampliar informaci\u00f3n en cultura@ayto-antigua.es o en el tel\u00e9fono 928168170.<\/strong><\/p>\n<p>El Ayuntamiento de Antigua desde la concejal\u00eda de Cultura inicia la organizaci\u00f3n y preparativos de la Noche en Blanco 2025, abriendo el plazo de solicitud de puestos de venta y exposici\u00f3n en la plaza de Antigua.<\/p>\n<p>El Ayuntamiento de Antigua dispone gratuitamente los stands de hasta 3 metros de longitud y conexi\u00f3n de luz para facilitar la participaci\u00f3n y comodidad de todas y todos los interesados. Queremos una plaza y sus alrededores din\u00e1mica, familiar y divertida, se\u00f1ala el alcalde, Mat\u00edas Pe\u00f1a y con este fin, trabajamos en diferentes actividades tanto de expresi\u00f3n art\u00edstica, cultural, actuaciones musicales y deportivas.<\/p>\n<p>Con este fin, a\u00f1ade el concejal de Cultura, Jonathan Pe\u00f1a, abrimos hasta el 13 de octubre, incluido, el plazo de solicitud de stand de las empresas interesadas en participar y vender y exponer sus productos, acomod\u00e1ndoles un puesto con enganche el\u00e9ctrico en una plaza iluminada y decorada para disfrutar y celebrar la Noche en Blanco 2025.<\/p>\n<p>Recuerda el concejal que las personas interesadas pueden ampliar informaci\u00f3n en cultura@ayto-antigua.es o en el tel\u00e9fono 928168170, presentando su solicitud por Registro de Entrada en el Ayuntamiento de Antigua, Tenencia de Alcald\u00eda en Caleta de Fuste o sede electr\u00f3nica.<\/p>\n<\/div>\n","protected":false},"excerpt":{"rendered":"<p>Abierto el plazo de puestos de venta y exposici\u00f3n en la Noche en Blanco de Antigua 2025 20250818_Otros_BANDO NOCHE EN BLANCO 2025-1 \u2022 Antigua inicia los preparativos de la Noche [&hellip;]<\/p>\n","protected":false},"author":1,"featured_media":11075,"comment_status":"open","ping_status":"open","sticky":false,"template":"","format":"standard","meta":{"inline_featured_image":false,"jnews-multi-image_gallery":[],"jnews_single_post":[],"jnews_primary_category":[],"jnews_social_meta":[],"jnews_override_counter":[],"jnews_post_split":[],"footnotes":""},"categories":[59],"tags":[],"class_list":["post-11073","post","type-post","status-publish","format-standard","has-post-thumbnail","hentry","category-antigua"],"jetpack_featured_media_url":"https:\/\/informacionlocal.es\/wp-content\/uploads\/2025\/09\/imagen-de-whatsapp-2025-09-04-a-las-10-42-03_8f9c9dda.jpg","_links":{"self":[{"href":"https:\/\/informacionlocal.es\/de\/wp-json\/wp\/v2\/posts\/11073","targetHints":{"allow":["GET"]}}],"collection":[{"href":"https:\/\/informacionlocal.es\/de\/wp-json\/wp\/v2\/posts"}],"about":[{"href":"https:\/\/informacionlocal.es\/de\/wp-json\/wp\/v2\/types\/post"}],"author":[{"embeddable":true,"href":"https:\/\/informacionlocal.es\/de\/wp-json\/wp\/v2\/users\/1"}],"replies":[{"embeddable":true,"href":"https:\/\/informacionlocal.es\/de\/wp-json\/wp\/v2\/comments?post=11073"}],"version-history":[{"count":0,"href":"https:\/\/informacionlocal.es\/de\/wp-json\/wp\/v2\/posts\/11073\/revisions"}],"wp:featuredmedia":[{"embeddable":true,"href":"https:\/\/informacionlocal.es\/de\/wp-json\/wp\/v2\/media\/11075"}],"wp:attachment":[{"href":"https:\/\/informacionlocal.es\/de\/wp-json\/wp\/v2\/media?parent=11073"}],"wp:term":[{"taxonomy":"category","embeddable":true,"href":"https:\/\/informacionlocal.es\/de\/wp-json\/wp\/v2\/categories?post=11073"},{"taxonomy":"post_tag","embeddable":true,"href":"https:\/\/informacionlocal.es\/de\/wp-json\/wp\/v2\/tags?post=11073"}],"curies":[{"name":"wp","href":"https:\/\/api.w.org\/{rel}","templated":true}]}}