{"id":11033,"date":"2025-09-20T03:03:12","date_gmt":"2025-09-20T02:03:12","guid":{"rendered":"https:\/\/informacionlocal.es\/puerto-del-rosario-en-la-ofrenda-a-la-virgen-de-la-pena-en-betancuria\/"},"modified":"2025-09-20T03:03:12","modified_gmt":"2025-09-20T02:03:12","slug":"puerto-del-rosario-en-la-ofrenda-a-la-virgen-de-la-pena-en-betancuria","status":"publish","type":"post","link":"https:\/\/informacionlocal.es\/de\/puerto-del-rosario-en-la-ofrenda-a-la-virgen-de-la-pena-en-betancuria\/","title":{"rendered":"Puerto del Rosario en la ofrenda a la Virgen de La Pe\u00f1a en Betancuria"},"content":{"rendered":"<div class=\"entry-content\">\n<p>\u26ea\ufe0f\ud83d\udeb6\u200d\u2640\ufe0f\ud83d\udeb6\ud83d\udeb6\u200d\u2642\ufe0f\ud83d\udc69\u200d\ud83e\uddaf\ud83d\udeb6\u200d\u2640\ufe0f La Virgen de la Pe\u00f1a, patrona de Fuerteventura, es uni\u00f3n de todos\/as los majoreros\/as y, como es costumbre, Puerto del Rosario participa en la tradicional ofrenda.\u00a0Un recorrido que no es solo una peregrinaci\u00f3n, sino tambi\u00e9n un s\u00edmbolo de unidad, de respeto por nuestras ra\u00edces y de devoci\u00f3n compartida por generaciones de majoreros y majoreras.<\/p>\n<\/div>\n","protected":false},"excerpt":{"rendered":"<p>\u26ea\ufe0f\ud83d\udeb6\u200d\u2640\ufe0f\ud83d\udeb6\ud83d\udeb6\u200d\u2642\ufe0f\ud83d\udc69\u200d\ud83e\uddaf\ud83d\udeb6\u200d\u2640\ufe0f La Virgen de la Pe\u00f1a, patrona de Fuerteventura, es uni\u00f3n de todos\/as los majoreros\/as y, como es costumbre, Puerto del Rosario participa en la tradicional ofrenda.\u00a0Un recorrido que no [&hellip;]<\/p>\n","protected":false},"author":1,"featured_media":11035,"comment_status":"open","ping_status":"open","sticky":false,"template":"","format":"standard","meta":{"inline_featured_image":false,"jnews-multi-image_gallery":[],"jnews_single_post":[],"jnews_primary_category":[],"jnews_social_meta":[],"jnews_override_counter":[],"jnews_post_split":[],"footnotes":""},"categories":[61],"tags":[82],"class_list":["post-11033","post","type-post","status-publish","format-standard","has-post-thumbnail","hentry","category-puerto-del-rosario","tag-fuerteventura"],"jetpack_featured_media_url":"https:\/\/informacionlocal.es\/wp-content\/uploads\/2025\/09\/pena-25-todos-concejales.jpeg","_links":{"self":[{"href":"https:\/\/informacionlocal.es\/de\/wp-json\/wp\/v2\/posts\/11033","targetHints":{"allow":["GET"]}}],"collection":[{"href":"https:\/\/informacionlocal.es\/de\/wp-json\/wp\/v2\/posts"}],"about":[{"href":"https:\/\/informacionlocal.es\/de\/wp-json\/wp\/v2\/types\/post"}],"author":[{"embeddable":true,"href":"https:\/\/informacionlocal.es\/de\/wp-json\/wp\/v2\/users\/1"}],"replies":[{"embeddable":true,"href":"https:\/\/informacionlocal.es\/de\/wp-json\/wp\/v2\/comments?post=11033"}],"version-history":[{"count":0,"href":"https:\/\/informacionlocal.es\/de\/wp-json\/wp\/v2\/posts\/11033\/revisions"}],"wp:featuredmedia":[{"embeddable":true,"href":"https:\/\/informacionlocal.es\/de\/wp-json\/wp\/v2\/media\/11035"}],"wp:attachment":[{"href":"https:\/\/informacionlocal.es\/de\/wp-json\/wp\/v2\/media?parent=11033"}],"wp:term":[{"taxonomy":"category","embeddable":true,"href":"https:\/\/informacionlocal.es\/de\/wp-json\/wp\/v2\/categories?post=11033"},{"taxonomy":"post_tag","embeddable":true,"href":"https:\/\/informacionlocal.es\/de\/wp-json\/wp\/v2\/tags?post=11033"}],"curies":[{"name":"wp","href":"https:\/\/api.w.org\/{rel}","templated":true}]}}