{"id":10989,"date":"2025-09-18T19:09:17","date_gmt":"2025-09-18T18:09:17","guid":{"rendered":"https:\/\/informacionlocal.es\/seguridad-y-prevencion-marcaran-las-fiestas-de-nuestra-senora-del-rosario-2025\/"},"modified":"2025-09-18T19:09:17","modified_gmt":"2025-09-18T18:09:17","slug":"seguridad-y-prevencion-marcaran-las-fiestas-de-nuestra-senora-del-rosario-2025","status":"publish","type":"post","link":"https:\/\/informacionlocal.es\/de\/seguridad-y-prevencion-marcaran-las-fiestas-de-nuestra-senora-del-rosario-2025\/","title":{"rendered":"Seguridad y prevenci\u00f3n marcar\u00e1n las Fiestas de Nuestra Se\u00f1ora del Rosario 2025"},"content":{"rendered":"<div class=\"entry-content\">\n<ul>\n<li><strong>Polic\u00eda Nacional, Polic\u00eda Local y Seguridad Privada trabajar\u00e1n de forma coordinada para garantizar el buen desarrollo de todos los actos programados<\/strong><\/li>\n<\/ul>\n<p><strong>En Puerto del Rosario, a 18 de septiembre de 2025.-<\/strong> El Sal\u00f3n de Plenos del Ayuntamiento de Puerto del Rosario acogi\u00f3 en la ma\u00f1ana del mi\u00e9rcoles, 17 de septiembre, la Junta Local de Seguridad previa a la celebraci\u00f3n de las Fiestas de Nuestra Se\u00f1ora del Rosario 2025. A la cita asistieron el alcalde de Puerto del Rosario, David de Vera; la directora insular de la Administraci\u00f3n General del Estado, Mar\u00eda Jes\u00fas de la Cruz; la concejala de Festejos, Tacoremi Guti\u00e9rrez; as\u00ed como representantes de las distintas Fuerzas y Cuerpos de Seguridad. En el encuentro se definieron las principales medidas de control del tr\u00e1fico y de seguridad ciudadana para el conjunto de actos programados.<\/p>\n<p>Durante la reuni\u00f3n se confirm\u00f3 que efectivos de la Polic\u00eda Nacional, Polic\u00eda Local de Puerto del Rosario y personal de Seguridad Privada velar\u00e1n por la tranquilidad de vecinos y visitantes. El dispositivo contar\u00e1 con un circuito de c\u00e1maras de vigilancia en el Recinto Ferial, la zona de atracciones, v\u00edas y estacionamientos aleda\u00f1os, prestando especial atenci\u00f3n a las verbenas y conciertos previstos los viernes, s\u00e1bados y la v\u00edspera del D\u00eda Principal. Asimismo, se reforzar\u00e1n los servicios en eventos de especial relevancia como el Preg\u00f3n, la Ofrenda a la Virgen y la Procesi\u00f3n del D\u00eda de Nuestra Se\u00f1ora del Rosario.<\/p>\n<p><img loading=\"lazy\" decoding=\"async\" loading=\"lazy\" class=\"size-large wp-image-157041 aligncenter\" src=\"https:\/\/informacionlocal.es\/wp-content\/uploads\/2025\/09\/junta-de-seguridad-1-1024x682-1.jpeg\" width=\"1024\" height=\"682\" title=\"junta-de-seguridad-1-1024x682-1\"><\/p>\n<p>La Junta acord\u00f3 tambi\u00e9n la colaboraci\u00f3n de la Unidad Canina de la Polic\u00eda Local de La Oliva, que participar\u00e1 en labores de control y prevenci\u00f3n del tr\u00e1fico y consumo de sustancias estupefacientes durante algunos actos de las fiestas.<\/p>\n<p>El alcalde de Puerto del Rosario, David de Vera, se\u00f1al\u00f3 que \u201clas fiestas son un espacio de encuentro y alegr\u00eda para todos los vecinos, pero tambi\u00e9n requieren de una planificaci\u00f3n rigurosa para garantizar que se desarrollen con total seguridad\u201d.<\/p>\n<p>Por su parte, la concejala de Festejos, Tacoremi Guti\u00e9rrez, incidi\u00f3 en que \u201ceste dispositivo conjunto nos permite ofrecer a la ciudadan\u00eda un entorno seguro, en el que poder disfrutar de cada actividad con la tranquilidad de estar protegidos\u201d.<\/p>\n<p><img loading=\"lazy\" decoding=\"async\" loading=\"lazy\" class=\"size-large wp-image-157042 aligncenter\" src=\"https:\/\/informacionlocal.es\/wp-content\/uploads\/2025\/09\/junta-de-seguridad-3-1024x682-1.jpeg\" width=\"1024\" height=\"682\" title=\"junta-de-seguridad-3-1024x682-1\"><\/p>\n<\/div>\n","protected":false},"excerpt":{"rendered":"<p>Polic\u00eda Nacional, Polic\u00eda Local y Seguridad Privada trabajar\u00e1n de forma coordinada para garantizar el buen desarrollo de todos los actos programados En Puerto del Rosario, a 18 de septiembre de [&hellip;]<\/p>\n","protected":false},"author":1,"featured_media":10991,"comment_status":"open","ping_status":"open","sticky":false,"template":"","format":"standard","meta":{"inline_featured_image":false,"jnews-multi-image_gallery":[],"jnews_single_post":[],"jnews_primary_category":[],"jnews_social_meta":[],"jnews_override_counter":[],"jnews_post_split":[],"footnotes":""},"categories":[61],"tags":[69,211,182],"class_list":["post-10989","post","type-post","status-publish","format-standard","has-post-thumbnail","hentry","category-puerto-del-rosario","tag-eventos","tag-puerto-del-rosario","tag-seguridad"],"jetpack_featured_media_url":"https:\/\/informacionlocal.es\/wp-content\/uploads\/2025\/09\/seguridad-portada.png","_links":{"self":[{"href":"https:\/\/informacionlocal.es\/de\/wp-json\/wp\/v2\/posts\/10989","targetHints":{"allow":["GET"]}}],"collection":[{"href":"https:\/\/informacionlocal.es\/de\/wp-json\/wp\/v2\/posts"}],"about":[{"href":"https:\/\/informacionlocal.es\/de\/wp-json\/wp\/v2\/types\/post"}],"author":[{"embeddable":true,"href":"https:\/\/informacionlocal.es\/de\/wp-json\/wp\/v2\/users\/1"}],"replies":[{"embeddable":true,"href":"https:\/\/informacionlocal.es\/de\/wp-json\/wp\/v2\/comments?post=10989"}],"version-history":[{"count":0,"href":"https:\/\/informacionlocal.es\/de\/wp-json\/wp\/v2\/posts\/10989\/revisions"}],"wp:featuredmedia":[{"embeddable":true,"href":"https:\/\/informacionlocal.es\/de\/wp-json\/wp\/v2\/media\/10991"}],"wp:attachment":[{"href":"https:\/\/informacionlocal.es\/de\/wp-json\/wp\/v2\/media?parent=10989"}],"wp:term":[{"taxonomy":"category","embeddable":true,"href":"https:\/\/informacionlocal.es\/de\/wp-json\/wp\/v2\/categories?post=10989"},{"taxonomy":"post_tag","embeddable":true,"href":"https:\/\/informacionlocal.es\/de\/wp-json\/wp\/v2\/tags?post=10989"}],"curies":[{"name":"wp","href":"https:\/\/api.w.org\/{rel}","templated":true}]}}